{"id":384,"date":"2024-07-09T01:20:16","date_gmt":"2024-07-09T07:20:16","guid":{"rendered":"http:\/\/anc.local\/?p=384"},"modified":"2024-07-09T21:45:40","modified_gmt":"2024-07-10T03:45:40","slug":"la-red-ticotal-se-da-a-conocer-en-congreso-internacional","status":"publish","type":"post","link":"https:\/\/www.anc.cr\/en\/la-red-ticotal-se-da-a-conocer-en-congreso-internacional\/","title":{"rendered":"LA RED TICOTAL SE DA A CONOCER EN CONGRESO INTERNACIONAL"},"content":{"rendered":"<p>Del 21 al 25 de agosto del presente a\u00f1o se llev\u00f3 a cabo en Buenos Aires, Argentina el 15\u00b0 Congreso de la Red POP bajo el tema \u201cConexiones\u201d.<\/p>\n\n\n\n<p>La Academia Nacional de Ciencias tuvo el honor de participar exponiendo sobre el Proyecto TICOTAL: Red de Talento: Red de Talento Costarricense en el Extranjero.<\/p>\n\n\n\n<p>Se expuso sobre los objetivos de la red al vincular y conectar de manera activa a los costarricenses que trabajan o estudian en el extranjero en el \u00e1rea de ciencia y tecnolog\u00eda. Buscando llegar a ser un medio \u00fatil, no solo para vincular con el pa\u00eds el talento costarricense en el extranjero, sino tambi\u00e9n para convertirse en un instrumento para el logro de las metas de desarrollo cient\u00edfico, tecnol\u00f3gico y de innovaci\u00f3n nacional. As\u00ed como un medio permanente de interacci\u00f3n y conexi\u00f3n que facilite el intercambio de ideas, contactos, experiencias e identifique oportunidades de cooperaci\u00f3n.<\/p>\n\n\n\n<p>El gran reto de la movilidad calificada es que \u00e9sta no se traduzca en una p\u00e9rdida definitiva, sino en una oportunidad que abre la globalizaci\u00f3n. Incluso para los que ya no pueden o no quieren regresar, sus conocimientos, contactos, experiencias y conexiones pueden representar un activo muy importante cuando se movilizan en pro del desarrollo de nuestro pa\u00eds. Es por ello que se requiere establecer v\u00ednculos y lazos duraderos con los profesionales en el extranjero para propiciar redes y esquemas de intercambio que desarrollen el fortalecimiento del medio cient\u00edfico nacional.<\/p>","protected":false},"excerpt":{"rendered":"<p>Del 21 al 25 de agosto del presente a\u00f1o se llev\u00f3 a cabo en Buenos Aires, Argentina el 15\u00b0 Congreso de la Red POP bajo el tema \u201cConexiones\u201d. La Academia Nacional de Ciencias tuvo el honor de participar exponiendo sobre el Proyecto TICOTAL: Red de Talento: Red de Talento Costarricense en el Extranjero. Se expuso [&hellip;]<\/p>\n","protected":false},"author":1,"featured_media":385,"comment_status":"open","ping_status":"open","sticky":false,"template":"","format":"standard","meta":{"footnotes":""},"categories":[7],"tags":[],"class_list":["post-384","post","type-post","status-publish","format-standard","has-post-thumbnail","hentry","category-noticias"],"yoast_head":"<!-- This site is optimized with the Yoast SEO plugin v27.3 - https:\/\/yoast.com\/product\/yoast-seo-wordpress\/ -->\n<title>LA RED TICOTAL SE DA A CONOCER EN CONGRESO INTERNACIONAL - ANC<\/title>\n<meta name=\"robots\" content=\"index, follow, max-snippet:-1, max-image-preview:large, max-video-preview:-1\" \/>\n<link rel=\"canonical\" href=\"https:\/\/www.anc.cr\/en\/la-red-ticotal-se-da-a-conocer-en-congreso-internacional\/\" \/>\n<meta property=\"og:locale\" content=\"en_US\" \/>\n<meta property=\"og:type\" content=\"article\" \/>\n<meta property=\"og:title\" content=\"LA RED TICOTAL SE DA A CONOCER EN CONGRESO INTERNACIONAL - ANC\" \/>\n<meta property=\"og:description\" content=\"Del 21 al 25 de agosto del presente a\u00f1o se llev\u00f3 a cabo en Buenos Aires, Argentina el 15\u00b0 Congreso de la Red POP bajo el tema \u201cConexiones\u201d. La Academia Nacional de Ciencias tuvo el honor de participar exponiendo sobre el Proyecto TICOTAL: Red de Talento: Red de Talento Costarricense en el Extranjero. Se expuso [&hellip;]\" \/>\n<meta property=\"og:url\" content=\"https:\/\/www.anc.cr\/en\/la-red-ticotal-se-da-a-conocer-en-congreso-internacional\/\" \/>\n<meta property=\"og:site_name\" content=\"ANC\" \/>\n<meta property=\"article:published_time\" content=\"2024-07-09T07:20:16+00:00\" \/>\n<meta property=\"article:modified_time\" content=\"2024-07-10T03:45:40+00:00\" \/>\n<meta property=\"og:image\" content=\"https:\/\/www.anc.cr\/wp-content\/uploads\/2024\/07\/RTCI.jpg\" \/>\n\t<meta property=\"og:image:width\" content=\"960\" \/>\n\t<meta property=\"og:image:height\" content=\"540\" \/>\n\t<meta property=\"og:image:type\" content=\"image\/jpeg\" \/>\n<meta name=\"author\" content=\"jarguedasc\" \/>\n<meta name=\"twitter:card\" content=\"summary_large_image\" \/>\n<meta name=\"twitter:label1\" content=\"Written by\" \/>\n\t<meta name=\"twitter:data1\" content=\"jarguedasc\" \/>\n\t<meta name=\"twitter:label2\" content=\"Est. reading time\" \/>\n\t<meta name=\"twitter:data2\" content=\"1 minute\" \/>\n<script type=\"application\/ld+json\" class=\"yoast-schema-graph\">{\"@context\":\"https:\\\/\\\/schema.org\",\"@graph\":[{\"@type\":\"Article\",\"@id\":\"https:\\\/\\\/www.anc.cr\\\/la-red-ticotal-se-da-a-conocer-en-congreso-internacional\\\/#article\",\"isPartOf\":{\"@id\":\"https:\\\/\\\/www.anc.cr\\\/la-red-ticotal-se-da-a-conocer-en-congreso-internacional\\\/\"},\"author\":{\"name\":\"jarguedasc\",\"@id\":\"https:\\\/\\\/www.anc.cr\\\/#\\\/schema\\\/person\\\/7766bd50e439d728b840c06d98f7b30c\"},\"headline\":\"LA RED TICOTAL SE DA A CONOCER EN CONGRESO INTERNACIONAL\",\"datePublished\":\"2024-07-09T07:20:16+00:00\",\"dateModified\":\"2024-07-10T03:45:40+00:00\",\"mainEntityOfPage\":{\"@id\":\"https:\\\/\\\/www.anc.cr\\\/la-red-ticotal-se-da-a-conocer-en-congreso-internacional\\\/\"},\"wordCount\":260,\"commentCount\":0,\"publisher\":{\"@id\":\"https:\\\/\\\/www.anc.cr\\\/#organization\"},\"image\":{\"@id\":\"https:\\\/\\\/www.anc.cr\\\/la-red-ticotal-se-da-a-conocer-en-congreso-internacional\\\/#primaryimage\"},\"thumbnailUrl\":\"https:\\\/\\\/www.anc.cr\\\/wp-content\\\/uploads\\\/2024\\\/07\\\/RTCI.jpg\",\"articleSection\":[\"Noticias\"],\"inLanguage\":\"en-US\",\"potentialAction\":[{\"@type\":\"CommentAction\",\"name\":\"Comment\",\"target\":[\"https:\\\/\\\/www.anc.cr\\\/la-red-ticotal-se-da-a-conocer-en-congreso-internacional\\\/#respond\"]}]},{\"@type\":\"WebPage\",\"@id\":\"https:\\\/\\\/www.anc.cr\\\/la-red-ticotal-se-da-a-conocer-en-congreso-internacional\\\/\",\"url\":\"https:\\\/\\\/www.anc.cr\\\/la-red-ticotal-se-da-a-conocer-en-congreso-internacional\\\/\",\"name\":\"LA RED TICOTAL SE DA A CONOCER EN CONGRESO INTERNACIONAL - ANC\",\"isPartOf\":{\"@id\":\"https:\\\/\\\/www.anc.cr\\\/#website\"},\"primaryImageOfPage\":{\"@id\":\"https:\\\/\\\/www.anc.cr\\\/la-red-ticotal-se-da-a-conocer-en-congreso-internacional\\\/#primaryimage\"},\"image\":{\"@id\":\"https:\\\/\\\/www.anc.cr\\\/la-red-ticotal-se-da-a-conocer-en-congreso-internacional\\\/#primaryimage\"},\"thumbnailUrl\":\"https:\\\/\\\/www.anc.cr\\\/wp-content\\\/uploads\\\/2024\\\/07\\\/RTCI.jpg\",\"datePublished\":\"2024-07-09T07:20:16+00:00\",\"dateModified\":\"2024-07-10T03:45:40+00:00\",\"breadcrumb\":{\"@id\":\"https:\\\/\\\/www.anc.cr\\\/la-red-ticotal-se-da-a-conocer-en-congreso-internacional\\\/#breadcrumb\"},\"inLanguage\":\"en-US\",\"potentialAction\":[{\"@type\":\"ReadAction\",\"target\":[\"https:\\\/\\\/www.anc.cr\\\/la-red-ticotal-se-da-a-conocer-en-congreso-internacional\\\/\"]}]},{\"@type\":\"ImageObject\",\"inLanguage\":\"en-US\",\"@id\":\"https:\\\/\\\/www.anc.cr\\\/la-red-ticotal-se-da-a-conocer-en-congreso-internacional\\\/#primaryimage\",\"url\":\"https:\\\/\\\/www.anc.cr\\\/wp-content\\\/uploads\\\/2024\\\/07\\\/RTCI.jpg\",\"contentUrl\":\"https:\\\/\\\/www.anc.cr\\\/wp-content\\\/uploads\\\/2024\\\/07\\\/RTCI.jpg\",\"width\":960,\"height\":540},{\"@type\":\"BreadcrumbList\",\"@id\":\"https:\\\/\\\/www.anc.cr\\\/la-red-ticotal-se-da-a-conocer-en-congreso-internacional\\\/#breadcrumb\",\"itemListElement\":[{\"@type\":\"ListItem\",\"position\":1,\"name\":\"Portada\",\"item\":\"https:\\\/\\\/www.anc.cr\\\/\"},{\"@type\":\"ListItem\",\"position\":2,\"name\":\"LA RED TICOTAL SE DA A CONOCER EN CONGRESO INTERNACIONAL\"}]},{\"@type\":\"WebSite\",\"@id\":\"https:\\\/\\\/www.anc.cr\\\/#website\",\"url\":\"https:\\\/\\\/www.anc.cr\\\/\",\"name\":\"ANC\",\"description\":\"Academia Nacional de Ciencias\",\"publisher\":{\"@id\":\"https:\\\/\\\/www.anc.cr\\\/#organization\"},\"potentialAction\":[{\"@type\":\"SearchAction\",\"target\":{\"@type\":\"EntryPoint\",\"urlTemplate\":\"https:\\\/\\\/www.anc.cr\\\/?s={search_term_string}\"},\"query-input\":{\"@type\":\"PropertyValueSpecification\",\"valueRequired\":true,\"valueName\":\"search_term_string\"}}],\"inLanguage\":\"en-US\"},{\"@type\":\"Organization\",\"@id\":\"https:\\\/\\\/www.anc.cr\\\/#organization\",\"name\":\"ANC\",\"url\":\"https:\\\/\\\/www.anc.cr\\\/\",\"logo\":{\"@type\":\"ImageObject\",\"inLanguage\":\"en-US\",\"@id\":\"https:\\\/\\\/www.anc.cr\\\/#\\\/schema\\\/logo\\\/image\\\/\",\"url\":\"https:\\\/\\\/www.anc.cr\\\/wp-content\\\/uploads\\\/2024\\\/07\\\/Logo-ANC-CR.png\",\"contentUrl\":\"https:\\\/\\\/www.anc.cr\\\/wp-content\\\/uploads\\\/2024\\\/07\\\/Logo-ANC-CR.png\",\"width\":1051,\"height\":593,\"caption\":\"ANC\"},\"image\":{\"@id\":\"https:\\\/\\\/www.anc.cr\\\/#\\\/schema\\\/logo\\\/image\\\/\"}},{\"@type\":\"Person\",\"@id\":\"https:\\\/\\\/www.anc.cr\\\/#\\\/schema\\\/person\\\/7766bd50e439d728b840c06d98f7b30c\",\"name\":\"jarguedasc\",\"image\":{\"@type\":\"ImageObject\",\"inLanguage\":\"en-US\",\"@id\":\"https:\\\/\\\/secure.gravatar.com\\\/avatar\\\/a31f956dbf8cf8534efedbd72d1775ec1dda66cb68632d84e544549eca557ce4?s=96&d=mm&r=g\",\"url\":\"https:\\\/\\\/secure.gravatar.com\\\/avatar\\\/a31f956dbf8cf8534efedbd72d1775ec1dda66cb68632d84e544549eca557ce4?s=96&d=mm&r=g\",\"contentUrl\":\"https:\\\/\\\/secure.gravatar.com\\\/avatar\\\/a31f956dbf8cf8534efedbd72d1775ec1dda66cb68632d84e544549eca557ce4?s=96&d=mm&r=g\",\"caption\":\"jarguedasc\"},\"sameAs\":[\"https:\\\/\\\/www.anc.cr\"],\"url\":\"https:\\\/\\\/www.anc.cr\\\/en\\\/author\\\/jarguedasc\\\/\"}]}<\/script>\n<!-- \/ Yoast SEO plugin. -->","yoast_head_json":{"title":"LA RED TICOTAL SE DA A CONOCER EN CONGRESO INTERNACIONAL - ANC","robots":{"index":"index","follow":"follow","max-snippet":"max-snippet:-1","max-image-preview":"max-image-preview:large","max-video-preview":"max-video-preview:-1"},"canonical":"https:\/\/www.anc.cr\/en\/la-red-ticotal-se-da-a-conocer-en-congreso-internacional\/","og_locale":"en_US","og_type":"article","og_title":"LA RED TICOTAL SE DA A CONOCER EN CONGRESO INTERNACIONAL - ANC","og_description":"Del 21 al 25 de agosto del presente a\u00f1o se llev\u00f3 a cabo en Buenos Aires, Argentina el 15\u00b0 Congreso de la Red POP bajo el tema \u201cConexiones\u201d. La Academia Nacional de Ciencias tuvo el honor de participar exponiendo sobre el Proyecto TICOTAL: Red de Talento: Red de Talento Costarricense en el Extranjero. Se expuso [&hellip;]","og_url":"https:\/\/www.anc.cr\/en\/la-red-ticotal-se-da-a-conocer-en-congreso-internacional\/","og_site_name":"ANC","article_published_time":"2024-07-09T07:20:16+00:00","article_modified_time":"2024-07-10T03:45:40+00:00","og_image":[{"width":960,"height":540,"url":"https:\/\/www.anc.cr\/wp-content\/uploads\/2024\/07\/RTCI.jpg","type":"image\/jpeg"}],"author":"jarguedasc","twitter_card":"summary_large_image","twitter_misc":{"Written by":"jarguedasc","Est. reading time":"1 minute"},"schema":{"@context":"https:\/\/schema.org","@graph":[{"@type":"Article","@id":"https:\/\/www.anc.cr\/la-red-ticotal-se-da-a-conocer-en-congreso-internacional\/#article","isPartOf":{"@id":"https:\/\/www.anc.cr\/la-red-ticotal-se-da-a-conocer-en-congreso-internacional\/"},"author":{"name":"jarguedasc","@id":"https:\/\/www.anc.cr\/#\/schema\/person\/7766bd50e439d728b840c06d98f7b30c"},"headline":"LA RED TICOTAL SE DA A CONOCER EN CONGRESO INTERNACIONAL","datePublished":"2024-07-09T07:20:16+00:00","dateModified":"2024-07-10T03:45:40+00:00","mainEntityOfPage":{"@id":"https:\/\/www.anc.cr\/la-red-ticotal-se-da-a-conocer-en-congreso-internacional\/"},"wordCount":260,"commentCount":0,"publisher":{"@id":"https:\/\/www.anc.cr\/#organization"},"image":{"@id":"https:\/\/www.anc.cr\/la-red-ticotal-se-da-a-conocer-en-congreso-internacional\/#primaryimage"},"thumbnailUrl":"https:\/\/www.anc.cr\/wp-content\/uploads\/2024\/07\/RTCI.jpg","articleSection":["Noticias"],"inLanguage":"en-US","potentialAction":[{"@type":"CommentAction","name":"Comment","target":["https:\/\/www.anc.cr\/la-red-ticotal-se-da-a-conocer-en-congreso-internacional\/#respond"]}]},{"@type":"WebPage","@id":"https:\/\/www.anc.cr\/la-red-ticotal-se-da-a-conocer-en-congreso-internacional\/","url":"https:\/\/www.anc.cr\/la-red-ticotal-se-da-a-conocer-en-congreso-internacional\/","name":"LA RED TICOTAL SE DA A CONOCER EN CONGRESO INTERNACIONAL - ANC","isPartOf":{"@id":"https:\/\/www.anc.cr\/#website"},"primaryImageOfPage":{"@id":"https:\/\/www.anc.cr\/la-red-ticotal-se-da-a-conocer-en-congreso-internacional\/#primaryimage"},"image":{"@id":"https:\/\/www.anc.cr\/la-red-ticotal-se-da-a-conocer-en-congreso-internacional\/#primaryimage"},"thumbnailUrl":"https:\/\/www.anc.cr\/wp-content\/uploads\/2024\/07\/RTCI.jpg","datePublished":"2024-07-09T07:20:16+00:00","dateModified":"2024-07-10T03:45:40+00:00","breadcrumb":{"@id":"https:\/\/www.anc.cr\/la-red-ticotal-se-da-a-conocer-en-congreso-internacional\/#breadcrumb"},"inLanguage":"en-US","potentialAction":[{"@type":"ReadAction","target":["https:\/\/www.anc.cr\/la-red-ticotal-se-da-a-conocer-en-congreso-internacional\/"]}]},{"@type":"ImageObject","inLanguage":"en-US","@id":"https:\/\/www.anc.cr\/la-red-ticotal-se-da-a-conocer-en-congreso-internacional\/#primaryimage","url":"https:\/\/www.anc.cr\/wp-content\/uploads\/2024\/07\/RTCI.jpg","contentUrl":"https:\/\/www.anc.cr\/wp-content\/uploads\/2024\/07\/RTCI.jpg","width":960,"height":540},{"@type":"BreadcrumbList","@id":"https:\/\/www.anc.cr\/la-red-ticotal-se-da-a-conocer-en-congreso-internacional\/#breadcrumb","itemListElement":[{"@type":"ListItem","position":1,"name":"Portada","item":"https:\/\/www.anc.cr\/"},{"@type":"ListItem","position":2,"name":"LA RED TICOTAL SE DA A CONOCER EN CONGRESO INTERNACIONAL"}]},{"@type":"WebSite","@id":"https:\/\/www.anc.cr\/#website","url":"https:\/\/www.anc.cr\/","name":"ANC","description":"Academia Nacional de Ciencias","publisher":{"@id":"https:\/\/www.anc.cr\/#organization"},"potentialAction":[{"@type":"SearchAction","target":{"@type":"EntryPoint","urlTemplate":"https:\/\/www.anc.cr\/?s={search_term_string}"},"query-input":{"@type":"PropertyValueSpecification","valueRequired":true,"valueName":"search_term_string"}}],"inLanguage":"en-US"},{"@type":"Organization","@id":"https:\/\/www.anc.cr\/#organization","name":"ANC","url":"https:\/\/www.anc.cr\/","logo":{"@type":"ImageObject","inLanguage":"en-US","@id":"https:\/\/www.anc.cr\/#\/schema\/logo\/image\/","url":"https:\/\/www.anc.cr\/wp-content\/uploads\/2024\/07\/Logo-ANC-CR.png","contentUrl":"https:\/\/www.anc.cr\/wp-content\/uploads\/2024\/07\/Logo-ANC-CR.png","width":1051,"height":593,"caption":"ANC"},"image":{"@id":"https:\/\/www.anc.cr\/#\/schema\/logo\/image\/"}},{"@type":"Person","@id":"https:\/\/www.anc.cr\/#\/schema\/person\/7766bd50e439d728b840c06d98f7b30c","name":"jarguedasc","image":{"@type":"ImageObject","inLanguage":"en-US","@id":"https:\/\/secure.gravatar.com\/avatar\/a31f956dbf8cf8534efedbd72d1775ec1dda66cb68632d84e544549eca557ce4?s=96&d=mm&r=g","url":"https:\/\/secure.gravatar.com\/avatar\/a31f956dbf8cf8534efedbd72d1775ec1dda66cb68632d84e544549eca557ce4?s=96&d=mm&r=g","contentUrl":"https:\/\/secure.gravatar.com\/avatar\/a31f956dbf8cf8534efedbd72d1775ec1dda66cb68632d84e544549eca557ce4?s=96&d=mm&r=g","caption":"jarguedasc"},"sameAs":["https:\/\/www.anc.cr"],"url":"https:\/\/www.anc.cr\/en\/author\/jarguedasc\/"}]}},"_links":{"self":[{"href":"https:\/\/www.anc.cr\/en\/wp-json\/wp\/v2\/posts\/384","targetHints":{"allow":["GET"]}}],"collection":[{"href":"https:\/\/www.anc.cr\/en\/wp-json\/wp\/v2\/posts"}],"about":[{"href":"https:\/\/www.anc.cr\/en\/wp-json\/wp\/v2\/types\/post"}],"author":[{"embeddable":true,"href":"https:\/\/www.anc.cr\/en\/wp-json\/wp\/v2\/users\/1"}],"replies":[{"embeddable":true,"href":"https:\/\/www.anc.cr\/en\/wp-json\/wp\/v2\/comments?post=384"}],"version-history":[{"count":1,"href":"https:\/\/www.anc.cr\/en\/wp-json\/wp\/v2\/posts\/384\/revisions"}],"predecessor-version":[{"id":386,"href":"https:\/\/www.anc.cr\/en\/wp-json\/wp\/v2\/posts\/384\/revisions\/386"}],"wp:featuredmedia":[{"embeddable":true,"href":"https:\/\/www.anc.cr\/en\/wp-json\/wp\/v2\/media\/385"}],"wp:attachment":[{"href":"https:\/\/www.anc.cr\/en\/wp-json\/wp\/v2\/media?parent=384"}],"wp:term":[{"taxonomy":"category","embeddable":true,"href":"https:\/\/www.anc.cr\/en\/wp-json\/wp\/v2\/categories?post=384"},{"taxonomy":"post_tag","embeddable":true,"href":"https:\/\/www.anc.cr\/en\/wp-json\/wp\/v2\/tags?post=384"}],"curies":[{"name":"wp","href":"https:\/\/api.w.org\/{rel}","templated":true}]}}