{"id":2943,"date":"2026-03-17T08:35:17","date_gmt":"2026-03-17T14:35:17","guid":{"rendered":"https:\/\/www.anc.cr\/?p=2943"},"modified":"2026-03-17T08:35:20","modified_gmt":"2026-03-17T14:35:20","slug":"conferencia-presencial-mes-de-marzo","status":"publish","type":"post","link":"https:\/\/www.anc.cr\/en\/conferencia-presencial-mes-de-marzo\/","title":{"rendered":"Conferencia presencial mes de marzo:"},"content":{"rendered":"<p>Estratificaci\u00f3n de riesgo basada en biomarcadores y aprendizaje profundo: resultados de una investigaci\u00f3n orientada a soluciones escalables para la eliminaci\u00f3n del c\u00e1ncer de cuello de \u00fatero<\/p>\n\n\n\n<p>Dra. Ana Cecilia Rodr\u00edguez.<\/p>\n\n\n\n<p>Consultora Internacional para la Fundaci\u00f3n M\u00e9dicos sin Fronteras (Fondation M\u00e9decins Sans Fronti\u00e8res).<\/p>\n\n\n\n<p>Miembro de N\u00famero, Academia Nacional de Ciencias<\/p>\n\n\n\n<p>Fecha: 18 de marzo, 2026.<\/p>\n\n\n\n<p>Hora: 3:00 p.m.<\/p>\n\n\n\n<p>Lugar: Academia Nacional de Ciencias (Del ICE de San Pedro 300 mts al Sur, sobre la pista a Zapote).<\/p>\n\n\n\n<p>*Favor confirmar asistencia al correo: anc@anc.cr<\/p>","protected":false},"excerpt":{"rendered":"<p>Estratificaci\u00f3n de riesgo basada en biomarcadores y aprendizaje profundo: resultados de una investigaci\u00f3n orientada a soluciones escalables para la eliminaci\u00f3n del c\u00e1ncer de cuello de \u00fatero Dra. Ana Cecilia Rodr\u00edguez. Consultora Internacional para la Fundaci\u00f3n M\u00e9dicos sin Fronteras (Fondation M\u00e9decins Sans Fronti\u00e8res). Miembro de N\u00famero, Academia Nacional de Ciencias Fecha: 18 de marzo, 2026. Hora: [&hellip;]<\/p>\n","protected":false},"author":2,"featured_media":2944,"comment_status":"open","ping_status":"open","sticky":false,"template":"","format":"standard","meta":{"footnotes":""},"categories":[12],"tags":[],"class_list":["post-2943","post","type-post","status-publish","format-standard","has-post-thumbnail","hentry","category-fotografias"],"yoast_head":"<!-- This site is optimized with the Yoast SEO plugin v27.3 - https:\/\/yoast.com\/product\/yoast-seo-wordpress\/ -->\n<title>Conferencia presencial mes de marzo: - ANC<\/title>\n<meta name=\"robots\" content=\"index, follow, max-snippet:-1, max-image-preview:large, max-video-preview:-1\" \/>\n<link rel=\"canonical\" href=\"https:\/\/www.anc.cr\/en\/conferencia-presencial-mes-de-marzo\/\" \/>\n<meta property=\"og:locale\" content=\"en_US\" \/>\n<meta property=\"og:type\" content=\"article\" \/>\n<meta property=\"og:title\" content=\"Conferencia presencial mes de marzo: - ANC\" \/>\n<meta property=\"og:description\" content=\"Estratificaci\u00f3n de riesgo basada en biomarcadores y aprendizaje profundo: resultados de una investigaci\u00f3n orientada a soluciones escalables para la eliminaci\u00f3n del c\u00e1ncer de cuello de \u00fatero Dra. Ana Cecilia Rodr\u00edguez. Consultora Internacional para la Fundaci\u00f3n M\u00e9dicos sin Fronteras (Fondation M\u00e9decins Sans Fronti\u00e8res). Miembro de N\u00famero, Academia Nacional de Ciencias Fecha: 18 de marzo, 2026. Hora: [&hellip;]\" \/>\n<meta property=\"og:url\" content=\"https:\/\/www.anc.cr\/en\/conferencia-presencial-mes-de-marzo\/\" \/>\n<meta property=\"og:site_name\" content=\"ANC\" \/>\n<meta property=\"article:published_time\" content=\"2026-03-17T14:35:17+00:00\" \/>\n<meta property=\"article:modified_time\" content=\"2026-03-17T14:35:20+00:00\" \/>\n<meta property=\"og:image\" content=\"https:\/\/www.anc.cr\/wp-content\/uploads\/2026\/03\/Conferencia-marzo-2026.jpg\" \/>\n\t<meta property=\"og:image:width\" content=\"1080\" \/>\n\t<meta property=\"og:image:height\" content=\"1080\" \/>\n\t<meta property=\"og:image:type\" content=\"image\/jpeg\" \/>\n<meta name=\"author\" content=\"Melania Odio\" \/>\n<meta name=\"twitter:card\" content=\"summary_large_image\" \/>\n<meta name=\"twitter:label1\" content=\"Written by\" \/>\n\t<meta name=\"twitter:data1\" content=\"Melania Odio\" \/>\n\t<meta name=\"twitter:label2\" content=\"Est. reading time\" \/>\n\t<meta name=\"twitter:data2\" content=\"1 minute\" \/>\n<script type=\"application\/ld+json\" class=\"yoast-schema-graph\">{\"@context\":\"https:\\\/\\\/schema.org\",\"@graph\":[{\"@type\":\"Article\",\"@id\":\"https:\\\/\\\/www.anc.cr\\\/conferencia-presencial-mes-de-marzo\\\/#article\",\"isPartOf\":{\"@id\":\"https:\\\/\\\/www.anc.cr\\\/conferencia-presencial-mes-de-marzo\\\/\"},\"author\":{\"name\":\"Melania Odio\",\"@id\":\"https:\\\/\\\/www.anc.cr\\\/#\\\/schema\\\/person\\\/486dfb3c10d60edc273c76261637f974\"},\"headline\":\"Conferencia presencial mes de marzo:\",\"datePublished\":\"2026-03-17T14:35:17+00:00\",\"dateModified\":\"2026-03-17T14:35:20+00:00\",\"mainEntityOfPage\":{\"@id\":\"https:\\\/\\\/www.anc.cr\\\/conferencia-presencial-mes-de-marzo\\\/\"},\"wordCount\":96,\"commentCount\":0,\"publisher\":{\"@id\":\"https:\\\/\\\/www.anc.cr\\\/#organization\"},\"image\":{\"@id\":\"https:\\\/\\\/www.anc.cr\\\/conferencia-presencial-mes-de-marzo\\\/#primaryimage\"},\"thumbnailUrl\":\"https:\\\/\\\/www.anc.cr\\\/wp-content\\\/uploads\\\/2026\\\/03\\\/Conferencia-marzo-2026.jpg\",\"articleSection\":[\"Fotograf\u00edas\"],\"inLanguage\":\"en-US\",\"potentialAction\":[{\"@type\":\"CommentAction\",\"name\":\"Comment\",\"target\":[\"https:\\\/\\\/www.anc.cr\\\/conferencia-presencial-mes-de-marzo\\\/#respond\"]}]},{\"@type\":\"WebPage\",\"@id\":\"https:\\\/\\\/www.anc.cr\\\/conferencia-presencial-mes-de-marzo\\\/\",\"url\":\"https:\\\/\\\/www.anc.cr\\\/conferencia-presencial-mes-de-marzo\\\/\",\"name\":\"Conferencia presencial mes de marzo: - ANC\",\"isPartOf\":{\"@id\":\"https:\\\/\\\/www.anc.cr\\\/#website\"},\"primaryImageOfPage\":{\"@id\":\"https:\\\/\\\/www.anc.cr\\\/conferencia-presencial-mes-de-marzo\\\/#primaryimage\"},\"image\":{\"@id\":\"https:\\\/\\\/www.anc.cr\\\/conferencia-presencial-mes-de-marzo\\\/#primaryimage\"},\"thumbnailUrl\":\"https:\\\/\\\/www.anc.cr\\\/wp-content\\\/uploads\\\/2026\\\/03\\\/Conferencia-marzo-2026.jpg\",\"datePublished\":\"2026-03-17T14:35:17+00:00\",\"dateModified\":\"2026-03-17T14:35:20+00:00\",\"breadcrumb\":{\"@id\":\"https:\\\/\\\/www.anc.cr\\\/conferencia-presencial-mes-de-marzo\\\/#breadcrumb\"},\"inLanguage\":\"en-US\",\"potentialAction\":[{\"@type\":\"ReadAction\",\"target\":[\"https:\\\/\\\/www.anc.cr\\\/conferencia-presencial-mes-de-marzo\\\/\"]}]},{\"@type\":\"ImageObject\",\"inLanguage\":\"en-US\",\"@id\":\"https:\\\/\\\/www.anc.cr\\\/conferencia-presencial-mes-de-marzo\\\/#primaryimage\",\"url\":\"https:\\\/\\\/www.anc.cr\\\/wp-content\\\/uploads\\\/2026\\\/03\\\/Conferencia-marzo-2026.jpg\",\"contentUrl\":\"https:\\\/\\\/www.anc.cr\\\/wp-content\\\/uploads\\\/2026\\\/03\\\/Conferencia-marzo-2026.jpg\",\"width\":1080,\"height\":1080},{\"@type\":\"BreadcrumbList\",\"@id\":\"https:\\\/\\\/www.anc.cr\\\/conferencia-presencial-mes-de-marzo\\\/#breadcrumb\",\"itemListElement\":[{\"@type\":\"ListItem\",\"position\":1,\"name\":\"Portada\",\"item\":\"https:\\\/\\\/www.anc.cr\\\/\"},{\"@type\":\"ListItem\",\"position\":2,\"name\":\"Conferencia presencial mes de marzo:\"}]},{\"@type\":\"WebSite\",\"@id\":\"https:\\\/\\\/www.anc.cr\\\/#website\",\"url\":\"https:\\\/\\\/www.anc.cr\\\/\",\"name\":\"ANC\",\"description\":\"Academia Nacional de Ciencias\",\"publisher\":{\"@id\":\"https:\\\/\\\/www.anc.cr\\\/#organization\"},\"potentialAction\":[{\"@type\":\"SearchAction\",\"target\":{\"@type\":\"EntryPoint\",\"urlTemplate\":\"https:\\\/\\\/www.anc.cr\\\/?s={search_term_string}\"},\"query-input\":{\"@type\":\"PropertyValueSpecification\",\"valueRequired\":true,\"valueName\":\"search_term_string\"}}],\"inLanguage\":\"en-US\"},{\"@type\":\"Organization\",\"@id\":\"https:\\\/\\\/www.anc.cr\\\/#organization\",\"name\":\"ANC\",\"url\":\"https:\\\/\\\/www.anc.cr\\\/\",\"logo\":{\"@type\":\"ImageObject\",\"inLanguage\":\"en-US\",\"@id\":\"https:\\\/\\\/www.anc.cr\\\/#\\\/schema\\\/logo\\\/image\\\/\",\"url\":\"https:\\\/\\\/www.anc.cr\\\/wp-content\\\/uploads\\\/2024\\\/07\\\/Logo-ANC-CR.png\",\"contentUrl\":\"https:\\\/\\\/www.anc.cr\\\/wp-content\\\/uploads\\\/2024\\\/07\\\/Logo-ANC-CR.png\",\"width\":1051,\"height\":593,\"caption\":\"ANC\"},\"image\":{\"@id\":\"https:\\\/\\\/www.anc.cr\\\/#\\\/schema\\\/logo\\\/image\\\/\"}},{\"@type\":\"Person\",\"@id\":\"https:\\\/\\\/www.anc.cr\\\/#\\\/schema\\\/person\\\/486dfb3c10d60edc273c76261637f974\",\"name\":\"Melania Odio\",\"image\":{\"@type\":\"ImageObject\",\"inLanguage\":\"en-US\",\"@id\":\"https:\\\/\\\/secure.gravatar.com\\\/avatar\\\/e4debd0a4caf61db079e372177f352082fc28176c661f5e38f2ef7e11f0a3430?s=96&d=mm&r=g\",\"url\":\"https:\\\/\\\/secure.gravatar.com\\\/avatar\\\/e4debd0a4caf61db079e372177f352082fc28176c661f5e38f2ef7e11f0a3430?s=96&d=mm&r=g\",\"contentUrl\":\"https:\\\/\\\/secure.gravatar.com\\\/avatar\\\/e4debd0a4caf61db079e372177f352082fc28176c661f5e38f2ef7e11f0a3430?s=96&d=mm&r=g\",\"caption\":\"Melania Odio\"},\"url\":\"https:\\\/\\\/www.anc.cr\\\/en\\\/author\\\/modio\\\/\"}]}<\/script>\n<!-- \/ Yoast SEO plugin. -->","yoast_head_json":{"title":"Conferencia presencial mes de marzo: - ANC","robots":{"index":"index","follow":"follow","max-snippet":"max-snippet:-1","max-image-preview":"max-image-preview:large","max-video-preview":"max-video-preview:-1"},"canonical":"https:\/\/www.anc.cr\/en\/conferencia-presencial-mes-de-marzo\/","og_locale":"en_US","og_type":"article","og_title":"Conferencia presencial mes de marzo: - ANC","og_description":"Estratificaci\u00f3n de riesgo basada en biomarcadores y aprendizaje profundo: resultados de una investigaci\u00f3n orientada a soluciones escalables para la eliminaci\u00f3n del c\u00e1ncer de cuello de \u00fatero Dra. Ana Cecilia Rodr\u00edguez. Consultora Internacional para la Fundaci\u00f3n M\u00e9dicos sin Fronteras (Fondation M\u00e9decins Sans Fronti\u00e8res). Miembro de N\u00famero, Academia Nacional de Ciencias Fecha: 18 de marzo, 2026. Hora: [&hellip;]","og_url":"https:\/\/www.anc.cr\/en\/conferencia-presencial-mes-de-marzo\/","og_site_name":"ANC","article_published_time":"2026-03-17T14:35:17+00:00","article_modified_time":"2026-03-17T14:35:20+00:00","og_image":[{"width":1080,"height":1080,"url":"https:\/\/www.anc.cr\/wp-content\/uploads\/2026\/03\/Conferencia-marzo-2026.jpg","type":"image\/jpeg"}],"author":"Melania Odio","twitter_card":"summary_large_image","twitter_misc":{"Written by":"Melania Odio","Est. reading time":"1 minute"},"schema":{"@context":"https:\/\/schema.org","@graph":[{"@type":"Article","@id":"https:\/\/www.anc.cr\/conferencia-presencial-mes-de-marzo\/#article","isPartOf":{"@id":"https:\/\/www.anc.cr\/conferencia-presencial-mes-de-marzo\/"},"author":{"name":"Melania Odio","@id":"https:\/\/www.anc.cr\/#\/schema\/person\/486dfb3c10d60edc273c76261637f974"},"headline":"Conferencia presencial mes de marzo:","datePublished":"2026-03-17T14:35:17+00:00","dateModified":"2026-03-17T14:35:20+00:00","mainEntityOfPage":{"@id":"https:\/\/www.anc.cr\/conferencia-presencial-mes-de-marzo\/"},"wordCount":96,"commentCount":0,"publisher":{"@id":"https:\/\/www.anc.cr\/#organization"},"image":{"@id":"https:\/\/www.anc.cr\/conferencia-presencial-mes-de-marzo\/#primaryimage"},"thumbnailUrl":"https:\/\/www.anc.cr\/wp-content\/uploads\/2026\/03\/Conferencia-marzo-2026.jpg","articleSection":["Fotograf\u00edas"],"inLanguage":"en-US","potentialAction":[{"@type":"CommentAction","name":"Comment","target":["https:\/\/www.anc.cr\/conferencia-presencial-mes-de-marzo\/#respond"]}]},{"@type":"WebPage","@id":"https:\/\/www.anc.cr\/conferencia-presencial-mes-de-marzo\/","url":"https:\/\/www.anc.cr\/conferencia-presencial-mes-de-marzo\/","name":"Conferencia presencial mes de marzo: - ANC","isPartOf":{"@id":"https:\/\/www.anc.cr\/#website"},"primaryImageOfPage":{"@id":"https:\/\/www.anc.cr\/conferencia-presencial-mes-de-marzo\/#primaryimage"},"image":{"@id":"https:\/\/www.anc.cr\/conferencia-presencial-mes-de-marzo\/#primaryimage"},"thumbnailUrl":"https:\/\/www.anc.cr\/wp-content\/uploads\/2026\/03\/Conferencia-marzo-2026.jpg","datePublished":"2026-03-17T14:35:17+00:00","dateModified":"2026-03-17T14:35:20+00:00","breadcrumb":{"@id":"https:\/\/www.anc.cr\/conferencia-presencial-mes-de-marzo\/#breadcrumb"},"inLanguage":"en-US","potentialAction":[{"@type":"ReadAction","target":["https:\/\/www.anc.cr\/conferencia-presencial-mes-de-marzo\/"]}]},{"@type":"ImageObject","inLanguage":"en-US","@id":"https:\/\/www.anc.cr\/conferencia-presencial-mes-de-marzo\/#primaryimage","url":"https:\/\/www.anc.cr\/wp-content\/uploads\/2026\/03\/Conferencia-marzo-2026.jpg","contentUrl":"https:\/\/www.anc.cr\/wp-content\/uploads\/2026\/03\/Conferencia-marzo-2026.jpg","width":1080,"height":1080},{"@type":"BreadcrumbList","@id":"https:\/\/www.anc.cr\/conferencia-presencial-mes-de-marzo\/#breadcrumb","itemListElement":[{"@type":"ListItem","position":1,"name":"Portada","item":"https:\/\/www.anc.cr\/"},{"@type":"ListItem","position":2,"name":"Conferencia presencial mes de marzo:"}]},{"@type":"WebSite","@id":"https:\/\/www.anc.cr\/#website","url":"https:\/\/www.anc.cr\/","name":"ANC","description":"Academia Nacional de Ciencias","publisher":{"@id":"https:\/\/www.anc.cr\/#organization"},"potentialAction":[{"@type":"SearchAction","target":{"@type":"EntryPoint","urlTemplate":"https:\/\/www.anc.cr\/?s={search_term_string}"},"query-input":{"@type":"PropertyValueSpecification","valueRequired":true,"valueName":"search_term_string"}}],"inLanguage":"en-US"},{"@type":"Organization","@id":"https:\/\/www.anc.cr\/#organization","name":"ANC","url":"https:\/\/www.anc.cr\/","logo":{"@type":"ImageObject","inLanguage":"en-US","@id":"https:\/\/www.anc.cr\/#\/schema\/logo\/image\/","url":"https:\/\/www.anc.cr\/wp-content\/uploads\/2024\/07\/Logo-ANC-CR.png","contentUrl":"https:\/\/www.anc.cr\/wp-content\/uploads\/2024\/07\/Logo-ANC-CR.png","width":1051,"height":593,"caption":"ANC"},"image":{"@id":"https:\/\/www.anc.cr\/#\/schema\/logo\/image\/"}},{"@type":"Person","@id":"https:\/\/www.anc.cr\/#\/schema\/person\/486dfb3c10d60edc273c76261637f974","name":"Melania Odio","image":{"@type":"ImageObject","inLanguage":"en-US","@id":"https:\/\/secure.gravatar.com\/avatar\/e4debd0a4caf61db079e372177f352082fc28176c661f5e38f2ef7e11f0a3430?s=96&d=mm&r=g","url":"https:\/\/secure.gravatar.com\/avatar\/e4debd0a4caf61db079e372177f352082fc28176c661f5e38f2ef7e11f0a3430?s=96&d=mm&r=g","contentUrl":"https:\/\/secure.gravatar.com\/avatar\/e4debd0a4caf61db079e372177f352082fc28176c661f5e38f2ef7e11f0a3430?s=96&d=mm&r=g","caption":"Melania Odio"},"url":"https:\/\/www.anc.cr\/en\/author\/modio\/"}]}},"_links":{"self":[{"href":"https:\/\/www.anc.cr\/en\/wp-json\/wp\/v2\/posts\/2943","targetHints":{"allow":["GET"]}}],"collection":[{"href":"https:\/\/www.anc.cr\/en\/wp-json\/wp\/v2\/posts"}],"about":[{"href":"https:\/\/www.anc.cr\/en\/wp-json\/wp\/v2\/types\/post"}],"author":[{"embeddable":true,"href":"https:\/\/www.anc.cr\/en\/wp-json\/wp\/v2\/users\/2"}],"replies":[{"embeddable":true,"href":"https:\/\/www.anc.cr\/en\/wp-json\/wp\/v2\/comments?post=2943"}],"version-history":[{"count":1,"href":"https:\/\/www.anc.cr\/en\/wp-json\/wp\/v2\/posts\/2943\/revisions"}],"predecessor-version":[{"id":2945,"href":"https:\/\/www.anc.cr\/en\/wp-json\/wp\/v2\/posts\/2943\/revisions\/2945"}],"wp:featuredmedia":[{"embeddable":true,"href":"https:\/\/www.anc.cr\/en\/wp-json\/wp\/v2\/media\/2944"}],"wp:attachment":[{"href":"https:\/\/www.anc.cr\/en\/wp-json\/wp\/v2\/media?parent=2943"}],"wp:term":[{"taxonomy":"category","embeddable":true,"href":"https:\/\/www.anc.cr\/en\/wp-json\/wp\/v2\/categories?post=2943"},{"taxonomy":"post_tag","embeddable":true,"href":"https:\/\/www.anc.cr\/en\/wp-json\/wp\/v2\/tags?post=2943"}],"curies":[{"name":"wp","href":"https:\/\/api.w.org\/{rel}","templated":true}]}}