{"id":2878,"date":"2026-01-28T10:16:51","date_gmt":"2026-01-28T16:16:51","guid":{"rendered":"https:\/\/www.anc.cr\/?p=2878"},"modified":"2026-01-28T10:16:55","modified_gmt":"2026-01-28T16:16:55","slug":"dia-internacional-de-la-mujer-y-la-nina-en-la-ciencia","status":"publish","type":"post","link":"https:\/\/www.anc.cr\/en\/dia-internacional-de-la-mujer-y-la-nina-en-la-ciencia\/","title":{"rendered":"D\u00eda Internacional de la Mujer y la Ni\u00f1a en la Ciencia"},"content":{"rendered":"<p>La Academia Nacional de Ciencias y el Planetario de San Jos\u00e9 invitan a ni\u00f1as y sus acompa\u00f1antes a vivir una funci\u00f3n espacial en formato full dome, pensada para inspirar, motivar y despertar la curiosidad cient\u00edfica.&nbsp;<\/p>\n\n\n\n<p>Adem\u00e1s, tendremos:<\/p>\n\n\n\n<p>Lectura de un cuento del libro: \u201cCuentos para ni\u00f1as sin miedo\u201d de Myriam Sayalero<\/p>\n\n\n\n<p>&nbsp;A cargo de: Mar\u00eda Jos\u00e9 Saavedra S\u00e1nchez<\/p>\n\n\n\n<p>Actividad dirigida a ni\u00f1as y mujeres (idealmente ni\u00f1as menores de 15 a\u00f1os, pero abierta a todo p\u00fablico).<\/p>\n\n\n\n<p>Rifa de entradas<\/p>\n\n\n\n<p>Habr\u00e1 10 ganadoras, y cada una obtendr\u00e1 5 entradas para ir acompa\u00f1ada.<\/p>\n\n\n\n<p>Para participar, debes:<\/p>\n\n\n\n<p>Completar el formulario disponible en el enlace.<\/p>\n\n\n\n<p><a href=\"https:\/\/forms.gle\/GTwwgH96VAThAcY28\">https:\/\/forms.gle\/GTwwgH96VAThAcY28<\/a><\/p>\n\n\n\n<p>Fecha: S\u00e1bado 7 de febrero 2026<\/p>\n\n\n\n<p>Hora: 1:00 p.m.<\/p>\n\n\n\n<p>Lugar: Planetario de San Jos\u00e9 \u2013 Ciudad de la Investigaci\u00f3n, UCR<\/p>\n\n\n\n<p>Una tarde para inspirarse, aprender y so\u00f1ar con la ciencia&nbsp;<\/p>\n\n\n\n<p><\/p>\n\n\n\n<p><\/p>\n\n\n\n<p><\/p>\n\n\n\n<p><\/p>\n\n\n\n<p><\/p>\n\n\n\n<p><\/p>\n\n\n\n<p><\/p>\n\n\n\n<p><\/p>\n\n\n\n<p><\/p>","protected":false},"excerpt":{"rendered":"<p>La Academia Nacional de Ciencias y el Planetario de San Jos\u00e9 invitan a ni\u00f1as y sus acompa\u00f1antes a vivir una funci\u00f3n espacial en formato full dome, pensada para inspirar, motivar y despertar la curiosidad cient\u00edfica.&nbsp; Adem\u00e1s, tendremos: Lectura de un cuento del libro: \u201cCuentos para ni\u00f1as sin miedo\u201d de Myriam Sayalero &nbsp;A cargo de: Mar\u00eda [&hellip;]<\/p>\n","protected":false},"author":2,"featured_media":2879,"comment_status":"open","ping_status":"open","sticky":false,"template":"","format":"standard","meta":{"footnotes":""},"categories":[7],"tags":[],"class_list":["post-2878","post","type-post","status-publish","format-standard","has-post-thumbnail","hentry","category-noticias"],"yoast_head":"<!-- This site is optimized with the Yoast SEO plugin v27.3 - https:\/\/yoast.com\/product\/yoast-seo-wordpress\/ -->\n<title>D\u00eda Internacional de la Mujer y la Ni\u00f1a en la Ciencia - ANC<\/title>\n<meta name=\"robots\" content=\"index, follow, max-snippet:-1, max-image-preview:large, max-video-preview:-1\" \/>\n<link rel=\"canonical\" href=\"https:\/\/www.anc.cr\/en\/dia-internacional-de-la-mujer-y-la-nina-en-la-ciencia\/\" \/>\n<meta property=\"og:locale\" content=\"en_US\" \/>\n<meta property=\"og:type\" content=\"article\" \/>\n<meta property=\"og:title\" content=\"D\u00eda Internacional de la Mujer y la Ni\u00f1a en la Ciencia - ANC\" \/>\n<meta property=\"og:description\" content=\"La Academia Nacional de Ciencias y el Planetario de San Jos\u00e9 invitan a ni\u00f1as y sus acompa\u00f1antes a vivir una funci\u00f3n espacial en formato full dome, pensada para inspirar, motivar y despertar la curiosidad cient\u00edfica.&nbsp; Adem\u00e1s, tendremos: Lectura de un cuento del libro: \u201cCuentos para ni\u00f1as sin miedo\u201d de Myriam Sayalero &nbsp;A cargo de: Mar\u00eda [&hellip;]\" \/>\n<meta property=\"og:url\" content=\"https:\/\/www.anc.cr\/en\/dia-internacional-de-la-mujer-y-la-nina-en-la-ciencia\/\" \/>\n<meta property=\"og:site_name\" content=\"ANC\" \/>\n<meta property=\"article:published_time\" content=\"2026-01-28T16:16:51+00:00\" \/>\n<meta property=\"article:modified_time\" content=\"2026-01-28T16:16:55+00:00\" \/>\n<meta property=\"og:image\" content=\"https:\/\/www.anc.cr\/wp-content\/uploads\/2025\/09\/Conferencia-24-de-Set.-Dr.-Max-Chavarria-1.2.png\" \/>\n\t<meta property=\"og:image:width\" content=\"940\" \/>\n\t<meta property=\"og:image:height\" content=\"788\" \/>\n\t<meta property=\"og:image:type\" content=\"image\/png\" \/>\n<meta name=\"author\" content=\"Melania Odio\" \/>\n<meta name=\"twitter:card\" content=\"summary_large_image\" \/>\n<meta name=\"twitter:label1\" content=\"Written by\" \/>\n\t<meta name=\"twitter:data1\" content=\"Melania Odio\" \/>\n\t<meta name=\"twitter:label2\" content=\"Est. reading time\" \/>\n\t<meta name=\"twitter:data2\" content=\"1 minute\" \/>\n<script type=\"application\/ld+json\" class=\"yoast-schema-graph\">{\"@context\":\"https:\\\/\\\/schema.org\",\"@graph\":[{\"@type\":\"Article\",\"@id\":\"https:\\\/\\\/www.anc.cr\\\/dia-internacional-de-la-mujer-y-la-nina-en-la-ciencia\\\/#article\",\"isPartOf\":{\"@id\":\"https:\\\/\\\/www.anc.cr\\\/dia-internacional-de-la-mujer-y-la-nina-en-la-ciencia\\\/\"},\"author\":{\"name\":\"Melania Odio\",\"@id\":\"https:\\\/\\\/www.anc.cr\\\/#\\\/schema\\\/person\\\/486dfb3c10d60edc273c76261637f974\"},\"headline\":\"D\u00eda Internacional de la Mujer y la Ni\u00f1a en la Ciencia\",\"datePublished\":\"2026-01-28T16:16:51+00:00\",\"dateModified\":\"2026-01-28T16:16:55+00:00\",\"mainEntityOfPage\":{\"@id\":\"https:\\\/\\\/www.anc.cr\\\/dia-internacional-de-la-mujer-y-la-nina-en-la-ciencia\\\/\"},\"wordCount\":161,\"commentCount\":0,\"publisher\":{\"@id\":\"https:\\\/\\\/www.anc.cr\\\/#organization\"},\"image\":{\"@id\":\"https:\\\/\\\/www.anc.cr\\\/dia-internacional-de-la-mujer-y-la-nina-en-la-ciencia\\\/#primaryimage\"},\"thumbnailUrl\":\"https:\\\/\\\/www.anc.cr\\\/wp-content\\\/uploads\\\/2026\\\/01\\\/Actividad-7-de-febrero.-Post-1.png\",\"articleSection\":[\"Noticias\"],\"inLanguage\":\"en-US\",\"potentialAction\":[{\"@type\":\"CommentAction\",\"name\":\"Comment\",\"target\":[\"https:\\\/\\\/www.anc.cr\\\/dia-internacional-de-la-mujer-y-la-nina-en-la-ciencia\\\/#respond\"]}]},{\"@type\":\"WebPage\",\"@id\":\"https:\\\/\\\/www.anc.cr\\\/dia-internacional-de-la-mujer-y-la-nina-en-la-ciencia\\\/\",\"url\":\"https:\\\/\\\/www.anc.cr\\\/dia-internacional-de-la-mujer-y-la-nina-en-la-ciencia\\\/\",\"name\":\"D\u00eda Internacional de la Mujer y la Ni\u00f1a en la Ciencia - ANC\",\"isPartOf\":{\"@id\":\"https:\\\/\\\/www.anc.cr\\\/#website\"},\"primaryImageOfPage\":{\"@id\":\"https:\\\/\\\/www.anc.cr\\\/dia-internacional-de-la-mujer-y-la-nina-en-la-ciencia\\\/#primaryimage\"},\"image\":{\"@id\":\"https:\\\/\\\/www.anc.cr\\\/dia-internacional-de-la-mujer-y-la-nina-en-la-ciencia\\\/#primaryimage\"},\"thumbnailUrl\":\"https:\\\/\\\/www.anc.cr\\\/wp-content\\\/uploads\\\/2026\\\/01\\\/Actividad-7-de-febrero.-Post-1.png\",\"datePublished\":\"2026-01-28T16:16:51+00:00\",\"dateModified\":\"2026-01-28T16:16:55+00:00\",\"breadcrumb\":{\"@id\":\"https:\\\/\\\/www.anc.cr\\\/dia-internacional-de-la-mujer-y-la-nina-en-la-ciencia\\\/#breadcrumb\"},\"inLanguage\":\"en-US\",\"potentialAction\":[{\"@type\":\"ReadAction\",\"target\":[\"https:\\\/\\\/www.anc.cr\\\/dia-internacional-de-la-mujer-y-la-nina-en-la-ciencia\\\/\"]}]},{\"@type\":\"ImageObject\",\"inLanguage\":\"en-US\",\"@id\":\"https:\\\/\\\/www.anc.cr\\\/dia-internacional-de-la-mujer-y-la-nina-en-la-ciencia\\\/#primaryimage\",\"url\":\"https:\\\/\\\/www.anc.cr\\\/wp-content\\\/uploads\\\/2026\\\/01\\\/Actividad-7-de-febrero.-Post-1.png\",\"contentUrl\":\"https:\\\/\\\/www.anc.cr\\\/wp-content\\\/uploads\\\/2026\\\/01\\\/Actividad-7-de-febrero.-Post-1.png\",\"width\":1080,\"height\":1350},{\"@type\":\"BreadcrumbList\",\"@id\":\"https:\\\/\\\/www.anc.cr\\\/dia-internacional-de-la-mujer-y-la-nina-en-la-ciencia\\\/#breadcrumb\",\"itemListElement\":[{\"@type\":\"ListItem\",\"position\":1,\"name\":\"Portada\",\"item\":\"https:\\\/\\\/www.anc.cr\\\/\"},{\"@type\":\"ListItem\",\"position\":2,\"name\":\"D\u00eda Internacional de la Mujer y la Ni\u00f1a en la Ciencia\"}]},{\"@type\":\"WebSite\",\"@id\":\"https:\\\/\\\/www.anc.cr\\\/#website\",\"url\":\"https:\\\/\\\/www.anc.cr\\\/\",\"name\":\"ANC\",\"description\":\"Academia Nacional de Ciencias\",\"publisher\":{\"@id\":\"https:\\\/\\\/www.anc.cr\\\/#organization\"},\"potentialAction\":[{\"@type\":\"SearchAction\",\"target\":{\"@type\":\"EntryPoint\",\"urlTemplate\":\"https:\\\/\\\/www.anc.cr\\\/?s={search_term_string}\"},\"query-input\":{\"@type\":\"PropertyValueSpecification\",\"valueRequired\":true,\"valueName\":\"search_term_string\"}}],\"inLanguage\":\"en-US\"},{\"@type\":\"Organization\",\"@id\":\"https:\\\/\\\/www.anc.cr\\\/#organization\",\"name\":\"ANC\",\"url\":\"https:\\\/\\\/www.anc.cr\\\/\",\"logo\":{\"@type\":\"ImageObject\",\"inLanguage\":\"en-US\",\"@id\":\"https:\\\/\\\/www.anc.cr\\\/#\\\/schema\\\/logo\\\/image\\\/\",\"url\":\"https:\\\/\\\/www.anc.cr\\\/wp-content\\\/uploads\\\/2024\\\/07\\\/Logo-ANC-CR.png\",\"contentUrl\":\"https:\\\/\\\/www.anc.cr\\\/wp-content\\\/uploads\\\/2024\\\/07\\\/Logo-ANC-CR.png\",\"width\":1051,\"height\":593,\"caption\":\"ANC\"},\"image\":{\"@id\":\"https:\\\/\\\/www.anc.cr\\\/#\\\/schema\\\/logo\\\/image\\\/\"}},{\"@type\":\"Person\",\"@id\":\"https:\\\/\\\/www.anc.cr\\\/#\\\/schema\\\/person\\\/486dfb3c10d60edc273c76261637f974\",\"name\":\"Melania Odio\",\"image\":{\"@type\":\"ImageObject\",\"inLanguage\":\"en-US\",\"@id\":\"https:\\\/\\\/secure.gravatar.com\\\/avatar\\\/e4debd0a4caf61db079e372177f352082fc28176c661f5e38f2ef7e11f0a3430?s=96&d=mm&r=g\",\"url\":\"https:\\\/\\\/secure.gravatar.com\\\/avatar\\\/e4debd0a4caf61db079e372177f352082fc28176c661f5e38f2ef7e11f0a3430?s=96&d=mm&r=g\",\"contentUrl\":\"https:\\\/\\\/secure.gravatar.com\\\/avatar\\\/e4debd0a4caf61db079e372177f352082fc28176c661f5e38f2ef7e11f0a3430?s=96&d=mm&r=g\",\"caption\":\"Melania Odio\"},\"url\":\"https:\\\/\\\/www.anc.cr\\\/en\\\/author\\\/modio\\\/\"}]}<\/script>\n<!-- \/ Yoast SEO plugin. -->","yoast_head_json":{"title":"D\u00eda Internacional de la Mujer y la Ni\u00f1a en la Ciencia - ANC","robots":{"index":"index","follow":"follow","max-snippet":"max-snippet:-1","max-image-preview":"max-image-preview:large","max-video-preview":"max-video-preview:-1"},"canonical":"https:\/\/www.anc.cr\/en\/dia-internacional-de-la-mujer-y-la-nina-en-la-ciencia\/","og_locale":"en_US","og_type":"article","og_title":"D\u00eda Internacional de la Mujer y la Ni\u00f1a en la Ciencia - ANC","og_description":"La Academia Nacional de Ciencias y el Planetario de San Jos\u00e9 invitan a ni\u00f1as y sus acompa\u00f1antes a vivir una funci\u00f3n espacial en formato full dome, pensada para inspirar, motivar y despertar la curiosidad cient\u00edfica.&nbsp; Adem\u00e1s, tendremos: Lectura de un cuento del libro: \u201cCuentos para ni\u00f1as sin miedo\u201d de Myriam Sayalero &nbsp;A cargo de: Mar\u00eda [&hellip;]","og_url":"https:\/\/www.anc.cr\/en\/dia-internacional-de-la-mujer-y-la-nina-en-la-ciencia\/","og_site_name":"ANC","article_published_time":"2026-01-28T16:16:51+00:00","article_modified_time":"2026-01-28T16:16:55+00:00","og_image":[{"width":940,"height":788,"url":"https:\/\/www.anc.cr\/wp-content\/uploads\/2025\/09\/Conferencia-24-de-Set.-Dr.-Max-Chavarria-1.2.png","type":"image\/png"}],"author":"Melania Odio","twitter_card":"summary_large_image","twitter_misc":{"Written by":"Melania Odio","Est. reading time":"1 minute"},"schema":{"@context":"https:\/\/schema.org","@graph":[{"@type":"Article","@id":"https:\/\/www.anc.cr\/dia-internacional-de-la-mujer-y-la-nina-en-la-ciencia\/#article","isPartOf":{"@id":"https:\/\/www.anc.cr\/dia-internacional-de-la-mujer-y-la-nina-en-la-ciencia\/"},"author":{"name":"Melania Odio","@id":"https:\/\/www.anc.cr\/#\/schema\/person\/486dfb3c10d60edc273c76261637f974"},"headline":"D\u00eda Internacional de la Mujer y la Ni\u00f1a en la Ciencia","datePublished":"2026-01-28T16:16:51+00:00","dateModified":"2026-01-28T16:16:55+00:00","mainEntityOfPage":{"@id":"https:\/\/www.anc.cr\/dia-internacional-de-la-mujer-y-la-nina-en-la-ciencia\/"},"wordCount":161,"commentCount":0,"publisher":{"@id":"https:\/\/www.anc.cr\/#organization"},"image":{"@id":"https:\/\/www.anc.cr\/dia-internacional-de-la-mujer-y-la-nina-en-la-ciencia\/#primaryimage"},"thumbnailUrl":"https:\/\/www.anc.cr\/wp-content\/uploads\/2026\/01\/Actividad-7-de-febrero.-Post-1.png","articleSection":["Noticias"],"inLanguage":"en-US","potentialAction":[{"@type":"CommentAction","name":"Comment","target":["https:\/\/www.anc.cr\/dia-internacional-de-la-mujer-y-la-nina-en-la-ciencia\/#respond"]}]},{"@type":"WebPage","@id":"https:\/\/www.anc.cr\/dia-internacional-de-la-mujer-y-la-nina-en-la-ciencia\/","url":"https:\/\/www.anc.cr\/dia-internacional-de-la-mujer-y-la-nina-en-la-ciencia\/","name":"D\u00eda Internacional de la Mujer y la Ni\u00f1a en la Ciencia - ANC","isPartOf":{"@id":"https:\/\/www.anc.cr\/#website"},"primaryImageOfPage":{"@id":"https:\/\/www.anc.cr\/dia-internacional-de-la-mujer-y-la-nina-en-la-ciencia\/#primaryimage"},"image":{"@id":"https:\/\/www.anc.cr\/dia-internacional-de-la-mujer-y-la-nina-en-la-ciencia\/#primaryimage"},"thumbnailUrl":"https:\/\/www.anc.cr\/wp-content\/uploads\/2026\/01\/Actividad-7-de-febrero.-Post-1.png","datePublished":"2026-01-28T16:16:51+00:00","dateModified":"2026-01-28T16:16:55+00:00","breadcrumb":{"@id":"https:\/\/www.anc.cr\/dia-internacional-de-la-mujer-y-la-nina-en-la-ciencia\/#breadcrumb"},"inLanguage":"en-US","potentialAction":[{"@type":"ReadAction","target":["https:\/\/www.anc.cr\/dia-internacional-de-la-mujer-y-la-nina-en-la-ciencia\/"]}]},{"@type":"ImageObject","inLanguage":"en-US","@id":"https:\/\/www.anc.cr\/dia-internacional-de-la-mujer-y-la-nina-en-la-ciencia\/#primaryimage","url":"https:\/\/www.anc.cr\/wp-content\/uploads\/2026\/01\/Actividad-7-de-febrero.-Post-1.png","contentUrl":"https:\/\/www.anc.cr\/wp-content\/uploads\/2026\/01\/Actividad-7-de-febrero.-Post-1.png","width":1080,"height":1350},{"@type":"BreadcrumbList","@id":"https:\/\/www.anc.cr\/dia-internacional-de-la-mujer-y-la-nina-en-la-ciencia\/#breadcrumb","itemListElement":[{"@type":"ListItem","position":1,"name":"Portada","item":"https:\/\/www.anc.cr\/"},{"@type":"ListItem","position":2,"name":"D\u00eda Internacional de la Mujer y la Ni\u00f1a en la Ciencia"}]},{"@type":"WebSite","@id":"https:\/\/www.anc.cr\/#website","url":"https:\/\/www.anc.cr\/","name":"ANC","description":"Academia Nacional de Ciencias","publisher":{"@id":"https:\/\/www.anc.cr\/#organization"},"potentialAction":[{"@type":"SearchAction","target":{"@type":"EntryPoint","urlTemplate":"https:\/\/www.anc.cr\/?s={search_term_string}"},"query-input":{"@type":"PropertyValueSpecification","valueRequired":true,"valueName":"search_term_string"}}],"inLanguage":"en-US"},{"@type":"Organization","@id":"https:\/\/www.anc.cr\/#organization","name":"ANC","url":"https:\/\/www.anc.cr\/","logo":{"@type":"ImageObject","inLanguage":"en-US","@id":"https:\/\/www.anc.cr\/#\/schema\/logo\/image\/","url":"https:\/\/www.anc.cr\/wp-content\/uploads\/2024\/07\/Logo-ANC-CR.png","contentUrl":"https:\/\/www.anc.cr\/wp-content\/uploads\/2024\/07\/Logo-ANC-CR.png","width":1051,"height":593,"caption":"ANC"},"image":{"@id":"https:\/\/www.anc.cr\/#\/schema\/logo\/image\/"}},{"@type":"Person","@id":"https:\/\/www.anc.cr\/#\/schema\/person\/486dfb3c10d60edc273c76261637f974","name":"Melania Odio","image":{"@type":"ImageObject","inLanguage":"en-US","@id":"https:\/\/secure.gravatar.com\/avatar\/e4debd0a4caf61db079e372177f352082fc28176c661f5e38f2ef7e11f0a3430?s=96&d=mm&r=g","url":"https:\/\/secure.gravatar.com\/avatar\/e4debd0a4caf61db079e372177f352082fc28176c661f5e38f2ef7e11f0a3430?s=96&d=mm&r=g","contentUrl":"https:\/\/secure.gravatar.com\/avatar\/e4debd0a4caf61db079e372177f352082fc28176c661f5e38f2ef7e11f0a3430?s=96&d=mm&r=g","caption":"Melania Odio"},"url":"https:\/\/www.anc.cr\/en\/author\/modio\/"}]}},"_links":{"self":[{"href":"https:\/\/www.anc.cr\/en\/wp-json\/wp\/v2\/posts\/2878","targetHints":{"allow":["GET"]}}],"collection":[{"href":"https:\/\/www.anc.cr\/en\/wp-json\/wp\/v2\/posts"}],"about":[{"href":"https:\/\/www.anc.cr\/en\/wp-json\/wp\/v2\/types\/post"}],"author":[{"embeddable":true,"href":"https:\/\/www.anc.cr\/en\/wp-json\/wp\/v2\/users\/2"}],"replies":[{"embeddable":true,"href":"https:\/\/www.anc.cr\/en\/wp-json\/wp\/v2\/comments?post=2878"}],"version-history":[{"count":1,"href":"https:\/\/www.anc.cr\/en\/wp-json\/wp\/v2\/posts\/2878\/revisions"}],"predecessor-version":[{"id":2880,"href":"https:\/\/www.anc.cr\/en\/wp-json\/wp\/v2\/posts\/2878\/revisions\/2880"}],"wp:featuredmedia":[{"embeddable":true,"href":"https:\/\/www.anc.cr\/en\/wp-json\/wp\/v2\/media\/2879"}],"wp:attachment":[{"href":"https:\/\/www.anc.cr\/en\/wp-json\/wp\/v2\/media?parent=2878"}],"wp:term":[{"taxonomy":"category","embeddable":true,"href":"https:\/\/www.anc.cr\/en\/wp-json\/wp\/v2\/categories?post=2878"},{"taxonomy":"post_tag","embeddable":true,"href":"https:\/\/www.anc.cr\/en\/wp-json\/wp\/v2\/tags?post=2878"}],"curies":[{"name":"wp","href":"https:\/\/api.w.org\/{rel}","templated":true}]}}