{"id":2286,"date":"2025-04-07T09:46:12","date_gmt":"2025-04-07T15:46:12","guid":{"rendered":"https:\/\/www.anc.cr\/?p=2286"},"modified":"2025-04-07T09:48:15","modified_gmt":"2025-04-07T15:48:15","slug":"la-academia-nacional-de-ciencias-da-la-mas-cordial-bienvenida-a-sus-nuevos-miembros","status":"publish","type":"post","link":"https:\/\/www.anc.cr\/en\/la-academia-nacional-de-ciencias-da-la-mas-cordial-bienvenida-a-sus-nuevos-miembros\/","title":{"rendered":"La Academia Nacional de Ciencias da la m\u00e1s cordial bienvenida a sus nuevos miembros"},"content":{"rendered":"<p><\/p>\n\n\n\n<p>La Academia Nacional de Ciencias (ANC) tiene el gusto de comunicar que, en la sesi\u00f3n No. 126 de su Asamblea General del pasado 6 de marzo, 2025,&nbsp; se eligieron ocho nuevos miembros, a quienes se les da la m\u00e1s cordial bienvenida:<\/p>\n\n\n\n<p><strong>Acad\u00e9micas y Acad\u00e9micos de N\u00famero<\/strong><br>Dra. Mar\u00eda Luisa \u00c1vila Ag\u00fcero<br>Dr. Max Chavarr\u00eda Vargas<br>Dr. Esteban Chaves Olarte<br>Dra. Mavis L. Montero Villalobos<br>Dra. Ana Cecilia Rodr\u00edguez C\u00e9spedes<br>Dra. Marta Torres Losilla<br>Dr. Jasson Vindas D\u00edaz&nbsp;<br>&nbsp;<br><strong>Acad\u00e9mica Correspondiente<\/strong><br>&nbsp;Dra. Berna Van Wendel De Joode&nbsp;<\/p>\n\n\n\n<p>Las personas fueron elegidas por sus extraordinarios y valiosos aportes a la ciencia. A continuaci\u00f3n, se comparte un breve resumen de su trayectoria cient\u00edfica.&nbsp;<\/p>\n\n\n\n<p><strong>Dra. Mar\u00eda Luisa \u00c1vila Ag\u00fcero<\/strong><\/p>\n\n\n\n<p>La Dra Avila es una reconocida m\u00e9dica, investigadora y exministra de Salud, jefe del servicio de infectolog\u00eda del Hospital de Ni\u00f1os y profesora de pre y postgrado de la Universidad de Costa Rica (UCR). Ha formado decenas de especialistas en pediatr\u00eda e infectolog\u00eda pedi\u00e1trica, con m\u00e1s de 24 tesis de posgrado dirigidas. Investigadora con m\u00e1s de 25 a\u00f1os de experiencia, especialmente en temas relacionados con vacunas infantiles y muchos otros temas en infectolog\u00eda pedi\u00e1trica, autora de 87 art\u00edculos cient\u00edficos en revistas internacionales. Entre sus trabajos m\u00e1s recientes se encuentran recomendaciones para reducir los riesgos para los programas de vacunaci\u00f3n de la epidemia de COVID-19, estudios sobre la epidemiolog\u00eda y control de la tosferina, influenza, dengue, COVID-19, mordeduras de serpiente y enfermedad de Kawasaki, con \u00e9nfasis en vacunaci\u00f3n y otras medidas preventivas y terap\u00e9uticas. Fue Ministra de Salud en dos administraciones, durante las cuales sus principales logros fueron el aumento en la cobertura de los CEN CINAI en el pa\u00eds, modernizaci\u00f3n de los programas nacionales de vacunaci\u00f3n con importantes \u00e9xitos en el control de diversas enfermedades como la tosferina y la varicela, manejo de la pandemia de virus H1N1, desarrollo de una novedosa pol\u00edtica en salud sexual y reproductiva enfocada en la promoci\u00f3n del derecho y el disfrute de una sexualidad plena para toda la poblaci\u00f3n, mejoras en el manejo de desechos s\u00f3lidos, en particular la mitigaci\u00f3n de efectos del relleno sanitario de R\u00edo Azul, fortalecimiento del papel rector del Ministerio de Salud y el INCIENSA, desarrollo de pol\u00edticas de gesti\u00f3n integral de manejo de desechos s\u00f3lidos, seguridad alimentaria, vectores y promoci\u00f3n de estilos de vida saludables. Su amplia trayectoria como educadora, investigadora y l\u00edder de la salud p\u00fablica, con gran impacto especialmente en nuestra poblaci\u00f3n infantil.<\/p>\n\n\n\n<p><strong>Dr. Max Chavarr\u00eda Vargas<\/strong><\/p>\n\n\n\n<p>El Dr Max Chavarr\u00eda Vargas es uno de los investigadores de m\u00e1s productividad en el campo de la Qu\u00edmica y la Biolog\u00eda Molecular en Costa Rica. Su destacada trayectoria en investigaci\u00f3n se puede constatar en su lista de publicaciones en revistas de prestigio internacional y sus \u00edndices bibliom\u00e9tricos. Adem\u00e1s de su labor en investigaci\u00f3n, el Dr Chavarr\u00eda se ha proyectado a trav\u00e9s de la docencia de grado y posgrado, en este \u00faltimo ha dirigido el programa de maestr\u00eda en Qu\u00edmica y es miembro de la Comisi\u00f3n del Programa de Doctorado en Ciencias de la UCR.<\/p>\n\n\n\n<p>Tambi\u00e9n se ha interesado por algunas actividades de divulgaci\u00f3n popular del conocimiento cient\u00edfico en temas de su dominio. Su participaci\u00f3n en numerosos congresos cient\u00edficos y cursos cortos internacionales representan tambi\u00e9n una excelente carta de presentaci\u00f3n, junto con sus experiencias investigativas en conjunto con empresas biotecnol\u00f3gicas. Su labor ha sido reconocida con importantes premios y distinciones, incluyendo el Premio TWAS-CONICIT.<\/p>\n\n\n\n<p><strong>Dr. Esteban Chaves Olarte<\/strong><\/p>\n\n\n\n<p>El Dr. Esteban Chaves Olarte es un destacado acad\u00e9mico de la Facultad de Microbiolog\u00eda de la Universidad de Costa Rica (UCR), en donde ha desarrollado una labor de excelencia en la investigaci\u00f3n y la docencia. Su r\u00e9cord de publicaciones es extenso y concentrado en aportes de muy alto nivel internacional, lo cual respalda su destacada trayectoria, tal y como lo demuestran los reconocimientos y premios obtenidos, incluyendo elPremio Nacional de Ciencia Clodomiro Picado Twight. Concomitantemente con sus investigaciones, el Dr. Chaves ha contribuido a la formaci\u00f3n de nuevos investigadores j\u00f3venes muy exitosos, as\u00ed como de profesionales en el \u00e1rea de la Salud. Su experiencia como coordinador general de la Red Ne Tropica, una red patrocinada por agencias de Suecia para fomentar el desarrollo cient\u00edfico en universidades de Centroam\u00e9rica representa tambi\u00e9n un importante aporte a la academia regional.<\/p>\n\n\n\n<p><strong>Dra. Mavis L. Montero Villalobos<\/strong><\/p>\n\n\n\n<p>La Dra. Mavis L. Montero Villalobos es profesora de la Escuela de Qu\u00edmica de la UCR. Su labor de investigaci\u00f3n la lleva a cabo no solo en dicha Escuela (en asocio con otros grupos de investigaci\u00f3n), sino tambi\u00e9n en el marco de las actividades del Centro de investigaci\u00f3n&nbsp; en Ciencia e ingenier\u00eda de Materiales (CICIMA). Su incorporaci\u00f3n como profesora en la UCR se ha caracterizado por trascender los l\u00edmites cl\u00e1sicos de la qu\u00edmica inorg\u00e1nica, lo que ha significado su relaci\u00f3n cient\u00edfica extendida con grupos de investigaci\u00f3n en \u00e1reas como ciencias biol\u00f3gicas y biom\u00e9dicas, materiales relacionados con asuntos de energ\u00eda, geolog\u00eda y ciencia del suelo, asuntos arqueol\u00f3gicos y conservaci\u00f3n de obras art\u00edsticas. La habilidad innata de la Dra. Montero para organizar proyectos de investigaci\u00f3n interdisciplinarios es ampliamente reconocida.<\/p>\n\n\n\n<p><strong>Dra. Ana Cecilia Rodr\u00edguez C\u00e9spedes<\/strong><\/p>\n\n\n\n<p>Ana Cecilia Rodr\u00edguez es m\u00e9dica especialista en salud p\u00fablica. Al inicio de su carrera, la Dra. Rodr\u00edguez adquiri\u00f3 experiencia como epidemi\u00f3loga de campo, investigando los efectos de la exposici\u00f3n a plaguicidas en la salud de comunidades rurales de Costa Rica. Adem\u00e1s, lider\u00f3 la implementaci\u00f3n del registro electr\u00f3nico y el an\u00e1lisis de datos en el Registro Nacional de Tumores de Costa Rica, donde ejerci\u00f3 como directora durante dos a\u00f1os.<\/p>\n\n\n\n<p>Posteriormente, fue la investigadora principal y co-investigadora en diversos estudios costarricenses financiados por el Instituto Nacional del C\u00e1ncer de los Estados Unidos, sobre la historia natural del c\u00e1ncer cervical y la infecci\u00f3n por el virus del papiloma humano (VPH), entre ellos el Proyecto Epidemiol\u00f3gico Guanacaste (PEG), una cohorte longitudinal de 10.049 mujeres, y el Ensayo Costarricense de Vacunaci\u00f3n (CVT).<\/p>\n\n\n\n<p>Por su experiencia, actualmente se desempe\u00f1a como consultora en la Divisi\u00f3n de Epidemiolog\u00eda y Gen\u00e9tica del C\u00e1ncer del Instituto Nacional del C\u00e1ncer de Estados Unidos. Sus investigaciones se han centrado en estrategias de prevenci\u00f3n del c\u00e1ncer cervical, incluyendo la vacunaci\u00f3n contra el VPH, el cribado y la detecci\u00f3n temprana de neoplasias cervicales. En los \u00faltimos a\u00f1os, la Dra. Rodr\u00edguez se ha enfocado en iniciativas internacionales orientadas a mejorar la detecci\u00f3n y tratamiento del c\u00e1ncer cervical, especialmente en poblaciones desatendidas y de dif\u00edcil acceso.Los resultados de sus investigaciones han sido publicados en m\u00e1s de 100 art\u00edculos en revistas del m\u00e1s alto nivel siendo una de las investigadoras nacionales con mayores \u00edndices de productividad cient\u00edfica. A\u00fan m\u00e1s importante, sus aportes al conocimiento han contribuido a mejorar la salud de las mujeres, especialmente en pa\u00edses del Sur Global.<\/p>\n\n\n\n<p><strong>Dra. Marta Torres Losilla<\/strong><\/p>\n\n\n\n<p>La Dra. Marta Torres es una qu\u00edmica marina y ocean\u00f3grafa qu\u00edmica costarricense, quien hizo sus estudios primarios, secundarios y de grado en Costa Rica; luego viaj\u00f3 a los Estados Unidos para obtener su maestr\u00eda y doctorado. Por sus cualidades fue contratada como investigadora y docente, en la Universidad de Oreg\u00f3n en Corvallis, en donde trabaj\u00f3 desde mediados de la d\u00e9cada de 1980. Actualmente, es Profesora Em\u00e9rita en esa universidad y contin\u00faa muy activa en investigaci\u00f3n.<\/p>\n\n\n\n<p>La Dra. Torres es una especialista a nivel mundial en la qu\u00edmica y biolog\u00eda de manantiales submarinos; sus \u00faltimas investigaciones se centran en la exploraci\u00f3n de filtraciones fr\u00edas en m\u00e1rgenes convergentes y de transformaci\u00f3n, en la din\u00e1mica de hidratos de gas y en el papel de fluidos y las reacciones de esos fluidos con las rocas en la estabilidad de fallas y la sismog\u00e9nesis. Est\u00e1 trabajando tambi\u00e9n en la transferencia de elementos e is\u00f3topos a los oc\u00e9anos, al arco volc\u00e1nico y al manto y en la composici\u00f3n y el impacto biogeoqu\u00edmico de la biosfera profunda.<\/p>\n\n\n\n<p>La Dra. Torres fue la primera persona costarricense en hacer investigaciones en la Ant\u00e1rtida y ha participado en alrededor de 5 expediciones en el Mar Austral; no solo ha participado en m\u00faltiples expediciones de perforaci\u00f3n del fondo oce\u00e1nico, sino que en varias de ellas ha sido la investigadora principal.<\/p>\n\n\n\n<p><strong>Dr. Jasson Vindas D\u00edaz<\/strong><\/p>\n\n\n\n<p>Jasson Vindas es un extraordinario matem\u00e1tico costarricense. Su r\u00e9cord de publicaciones es impresionante, dada el \u00e1rea en que trabaja (sus publicaciones son alrededor de 10 veces el promedio de los que trabajan en Funciones Generalizadas de su edad). De hecho, para su doctorado ya ten\u00eda 15 publicaciones en los mejores journals mundiales y as\u00ed su tesis fue escogida como la mejor tesis de todo Louisiana State University (U.S.A.) en 2009.<\/p>\n\n\n\n<p>Entre sus contribuciones se pueden mencionar la construcci\u00f3n de una nueva integral, m\u00e1s poderosa que la de Lebesgue; una nueva prueba del teorema de los n\u00fameros primos y generalizaci\u00f3n a secuencias generales; generalizaci\u00f3n de la teor\u00eda distribucional asint\u00f3tica de Ricardo Estrada a ultradistribuciones; soluci\u00f3n de problemas de momentos vectoriales para distribuciones; y m\u00e1s.<\/p>\n\n\n\n<p>Desde que es profesor en la Universidad de Ghent en B\u00e9lgica el departamento de matem\u00e1tica se ha convertido en uno de los mejores lugares en el mundo para estudiar Funciones Generalizadas y Distribuciones. Ha dirigido las tesis doctorales de 8 estudiantes desde 2012 y tiene 5 m\u00e1s actualmente. Es miembro de la junta directiva de la Asociaci\u00f3n Mundial de Funciones Generalizadas (vicepresidente) y ha organizado muchas conferencias internacionales en el tema.<\/p>\n\n\n\n<p>Gan\u00f3 el premio Clodomiro Picado Twigth y el TWAS-CONICIT, pero m\u00e1s impresionante, gan\u00f3 el premio ISAAC al mejor matem\u00e1tico joven <em>del mundo <\/em>en el \u00e1rea de an\u00e1lisis en 2013.<\/p>\n\n\n\n<p><strong>Dra. Berna Van Wendel De Joode<\/strong><\/p>\n\n\n\n<p>La Dra. Berendina (Berna) van Wendel de Joode es especialista en Evaluaci\u00f3n de Exposici\u00f3n y Epidemiolog\u00eda Ambiental y Catedr\u00e1tica del Instituto Regional de Estudios en Sustancias T\u00f3xicas en la Universidad Nacional (UNA), Heredia, Costa Rica. Ella ha trabajado por m\u00e1s de 25 a\u00f1os en el campo de los plaguicidas, efectos neuroconductuales, evaluaci\u00f3n de exposici\u00f3n a agentes qu\u00edmicos, y enfoques ecosist\u00e9micos en salud humana, resultando en aproximadamente 70 publicaciones en revistas internacionales indexadas.<\/p>\n\n\n\n<p>Desde el 2011, ella ha sido coordinadora del Programa Infantes y Salud Ambiental (ISA) www.isa.una.ac.cr. Uno de los componentes principales de este Programa es una cohorte de nacimientos para estudiar la exposici\u00f3n a plaguicidas y manganeso y sus posibles efectos sobre el desarrollo y crecimiento infantil, y problemas respiratorios de ni\u00f1o(a)s y sus madres. Del 2009 al 2012 fue la Coordinadora Regional de una Comunidad de Pr\u00e1ctica en el Enfoque Ecosist\u00e9mico en Salud Humana en Am\u00e9rica Latina y el Caribe (CopEH-LAC) con participaci\u00f3n de 17 pa\u00edses. Actualmente es miembro del Consejo de Editores de la revista Environmental Epidemiology y Comit\u00e9 Adjunto de la revista &#8216;Annals of Work Exposures and Health&#8217;. Recibi\u00f3 el premio &#8216;Investigadora destacada de la Universidad Nacional&#8217; en el 2017. Ha sido presidente del Comit\u00e9 \u00c9tico Cient\u00edfico de la UNA del 2014 al 2020 y es miembro actual del mismo. La Dra. van Wendel ha (co)supervisado m\u00e1s de 35 estudiantes de licenciatura y maestr\u00eda, y varios estudiantes de doctorado. Actualmente es la coordinadora de la maestr\u00eda en Salud Ocupacional (MSO) de la Universidad Nacional &#8211; Instituto Tecnol\u00f3gico de Costa Rica y profesora titular del curso de Epidemiolog\u00eda Ocupacional y Ambiental de esta maestr\u00eda.<\/p>\n\n\n\n<p><br><\/p>\n\n\n\n<p><\/p>\n\n\n\n<p><br><\/p>\n\n\n\n<p><\/p>\n\n\n\n<p><\/p>\n\n\n\n<p><\/p>\n\n\n\n<p><\/p>","protected":false},"excerpt":{"rendered":"<p>La Academia Nacional de Ciencias (ANC) tiene el gusto de comunicar que, en la sesi\u00f3n No. 126 de su Asamblea General del pasado 6 de marzo, 2025,&nbsp; se eligieron ocho nuevos miembros, a quienes se les da la m\u00e1s cordial bienvenida: Acad\u00e9micas y Acad\u00e9micos de N\u00fameroDra. Mar\u00eda Luisa \u00c1vila Ag\u00fceroDr. Max Chavarr\u00eda VargasDr. Esteban Chaves [&hellip;]<\/p>\n","protected":false},"author":2,"featured_media":2288,"comment_status":"open","ping_status":"open","sticky":false,"template":"","format":"standard","meta":{"footnotes":""},"categories":[7],"tags":[],"class_list":["post-2286","post","type-post","status-publish","format-standard","has-post-thumbnail","hentry","category-noticias"],"yoast_head":"<!-- This site is optimized with the Yoast SEO plugin v27.3 - https:\/\/yoast.com\/product\/yoast-seo-wordpress\/ -->\n<title>La Academia Nacional de Ciencias da la m\u00e1s cordial bienvenida a sus nuevos miembros - ANC<\/title>\n<meta name=\"robots\" content=\"index, follow, max-snippet:-1, max-image-preview:large, max-video-preview:-1\" \/>\n<link rel=\"canonical\" href=\"https:\/\/www.anc.cr\/en\/la-academia-nacional-de-ciencias-da-la-mas-cordial-bienvenida-a-sus-nuevos-miembros\/\" \/>\n<meta property=\"og:locale\" content=\"en_US\" \/>\n<meta property=\"og:type\" content=\"article\" \/>\n<meta property=\"og:title\" content=\"La Academia Nacional de Ciencias da la m\u00e1s cordial bienvenida a sus nuevos miembros - ANC\" \/>\n<meta property=\"og:description\" content=\"La Academia Nacional de Ciencias (ANC) tiene el gusto de comunicar que, en la sesi\u00f3n No. 126 de su Asamblea General del pasado 6 de marzo, 2025,&nbsp; se eligieron ocho nuevos miembros, a quienes se les da la m\u00e1s cordial bienvenida: Acad\u00e9micas y Acad\u00e9micos de N\u00fameroDra. Mar\u00eda Luisa \u00c1vila Ag\u00fceroDr. Max Chavarr\u00eda VargasDr. Esteban Chaves [&hellip;]\" \/>\n<meta property=\"og:url\" content=\"https:\/\/www.anc.cr\/en\/la-academia-nacional-de-ciencias-da-la-mas-cordial-bienvenida-a-sus-nuevos-miembros\/\" \/>\n<meta property=\"og:site_name\" content=\"ANC\" \/>\n<meta property=\"article:published_time\" content=\"2025-04-07T15:46:12+00:00\" \/>\n<meta property=\"article:modified_time\" content=\"2025-04-07T15:48:15+00:00\" \/>\n<meta property=\"og:image\" content=\"https:\/\/www.anc.cr\/wp-content\/uploads\/2024\/12\/FELICITACIONES-A-LA-DRA.-HENRIETTE-RAVENTOS-VORST-POR-HABER-SIDO-GALARDONADA-CON-EL-PREMIO-NACIONAL-CLODOMIRO-PICADO-TWIGHT-2024-EN-LA-CATEGORIA-DE-CIENCIA2.png\" \/>\n\t<meta property=\"og:image:width\" content=\"940\" \/>\n\t<meta property=\"og:image:height\" content=\"788\" \/>\n\t<meta property=\"og:image:type\" content=\"image\/png\" \/>\n<meta name=\"author\" content=\"Melania Odio\" \/>\n<meta name=\"twitter:card\" content=\"summary_large_image\" \/>\n<meta name=\"twitter:label1\" content=\"Written by\" \/>\n\t<meta name=\"twitter:data1\" content=\"Melania Odio\" \/>\n\t<meta name=\"twitter:label2\" content=\"Est. reading time\" \/>\n\t<meta name=\"twitter:data2\" content=\"9 minutes\" \/>\n<script type=\"application\/ld+json\" class=\"yoast-schema-graph\">{\"@context\":\"https:\\\/\\\/schema.org\",\"@graph\":[{\"@type\":\"Article\",\"@id\":\"https:\\\/\\\/www.anc.cr\\\/la-academia-nacional-de-ciencias-da-la-mas-cordial-bienvenida-a-sus-nuevos-miembros\\\/#article\",\"isPartOf\":{\"@id\":\"https:\\\/\\\/www.anc.cr\\\/la-academia-nacional-de-ciencias-da-la-mas-cordial-bienvenida-a-sus-nuevos-miembros\\\/\"},\"author\":{\"name\":\"Melania Odio\",\"@id\":\"https:\\\/\\\/www.anc.cr\\\/#\\\/schema\\\/person\\\/486dfb3c10d60edc273c76261637f974\"},\"headline\":\"La Academia Nacional de Ciencias da la m\u00e1s cordial bienvenida a sus nuevos miembros\",\"datePublished\":\"2025-04-07T15:46:12+00:00\",\"dateModified\":\"2025-04-07T15:48:15+00:00\",\"mainEntityOfPage\":{\"@id\":\"https:\\\/\\\/www.anc.cr\\\/la-academia-nacional-de-ciencias-da-la-mas-cordial-bienvenida-a-sus-nuevos-miembros\\\/\"},\"wordCount\":2036,\"commentCount\":0,\"publisher\":{\"@id\":\"https:\\\/\\\/www.anc.cr\\\/#organization\"},\"image\":{\"@id\":\"https:\\\/\\\/www.anc.cr\\\/la-academia-nacional-de-ciencias-da-la-mas-cordial-bienvenida-a-sus-nuevos-miembros\\\/#primaryimage\"},\"thumbnailUrl\":\"https:\\\/\\\/www.anc.cr\\\/wp-content\\\/uploads\\\/2025\\\/04\\\/Logo-ANC-CR.png\",\"articleSection\":[\"Noticias\"],\"inLanguage\":\"en-US\",\"potentialAction\":[{\"@type\":\"CommentAction\",\"name\":\"Comment\",\"target\":[\"https:\\\/\\\/www.anc.cr\\\/la-academia-nacional-de-ciencias-da-la-mas-cordial-bienvenida-a-sus-nuevos-miembros\\\/#respond\"]}]},{\"@type\":\"WebPage\",\"@id\":\"https:\\\/\\\/www.anc.cr\\\/la-academia-nacional-de-ciencias-da-la-mas-cordial-bienvenida-a-sus-nuevos-miembros\\\/\",\"url\":\"https:\\\/\\\/www.anc.cr\\\/la-academia-nacional-de-ciencias-da-la-mas-cordial-bienvenida-a-sus-nuevos-miembros\\\/\",\"name\":\"La Academia Nacional de Ciencias da la m\u00e1s cordial bienvenida a sus nuevos miembros - ANC\",\"isPartOf\":{\"@id\":\"https:\\\/\\\/www.anc.cr\\\/#website\"},\"primaryImageOfPage\":{\"@id\":\"https:\\\/\\\/www.anc.cr\\\/la-academia-nacional-de-ciencias-da-la-mas-cordial-bienvenida-a-sus-nuevos-miembros\\\/#primaryimage\"},\"image\":{\"@id\":\"https:\\\/\\\/www.anc.cr\\\/la-academia-nacional-de-ciencias-da-la-mas-cordial-bienvenida-a-sus-nuevos-miembros\\\/#primaryimage\"},\"thumbnailUrl\":\"https:\\\/\\\/www.anc.cr\\\/wp-content\\\/uploads\\\/2025\\\/04\\\/Logo-ANC-CR.png\",\"datePublished\":\"2025-04-07T15:46:12+00:00\",\"dateModified\":\"2025-04-07T15:48:15+00:00\",\"breadcrumb\":{\"@id\":\"https:\\\/\\\/www.anc.cr\\\/la-academia-nacional-de-ciencias-da-la-mas-cordial-bienvenida-a-sus-nuevos-miembros\\\/#breadcrumb\"},\"inLanguage\":\"en-US\",\"potentialAction\":[{\"@type\":\"ReadAction\",\"target\":[\"https:\\\/\\\/www.anc.cr\\\/la-academia-nacional-de-ciencias-da-la-mas-cordial-bienvenida-a-sus-nuevos-miembros\\\/\"]}]},{\"@type\":\"ImageObject\",\"inLanguage\":\"en-US\",\"@id\":\"https:\\\/\\\/www.anc.cr\\\/la-academia-nacional-de-ciencias-da-la-mas-cordial-bienvenida-a-sus-nuevos-miembros\\\/#primaryimage\",\"url\":\"https:\\\/\\\/www.anc.cr\\\/wp-content\\\/uploads\\\/2025\\\/04\\\/Logo-ANC-CR.png\",\"contentUrl\":\"https:\\\/\\\/www.anc.cr\\\/wp-content\\\/uploads\\\/2025\\\/04\\\/Logo-ANC-CR.png\",\"width\":1051,\"height\":593},{\"@type\":\"BreadcrumbList\",\"@id\":\"https:\\\/\\\/www.anc.cr\\\/la-academia-nacional-de-ciencias-da-la-mas-cordial-bienvenida-a-sus-nuevos-miembros\\\/#breadcrumb\",\"itemListElement\":[{\"@type\":\"ListItem\",\"position\":1,\"name\":\"Portada\",\"item\":\"https:\\\/\\\/www.anc.cr\\\/\"},{\"@type\":\"ListItem\",\"position\":2,\"name\":\"La Academia Nacional de Ciencias da la m\u00e1s cordial bienvenida a sus nuevos miembros\"}]},{\"@type\":\"WebSite\",\"@id\":\"https:\\\/\\\/www.anc.cr\\\/#website\",\"url\":\"https:\\\/\\\/www.anc.cr\\\/\",\"name\":\"ANC\",\"description\":\"Academia Nacional de Ciencias\",\"publisher\":{\"@id\":\"https:\\\/\\\/www.anc.cr\\\/#organization\"},\"potentialAction\":[{\"@type\":\"SearchAction\",\"target\":{\"@type\":\"EntryPoint\",\"urlTemplate\":\"https:\\\/\\\/www.anc.cr\\\/?s={search_term_string}\"},\"query-input\":{\"@type\":\"PropertyValueSpecification\",\"valueRequired\":true,\"valueName\":\"search_term_string\"}}],\"inLanguage\":\"en-US\"},{\"@type\":\"Organization\",\"@id\":\"https:\\\/\\\/www.anc.cr\\\/#organization\",\"name\":\"ANC\",\"url\":\"https:\\\/\\\/www.anc.cr\\\/\",\"logo\":{\"@type\":\"ImageObject\",\"inLanguage\":\"en-US\",\"@id\":\"https:\\\/\\\/www.anc.cr\\\/#\\\/schema\\\/logo\\\/image\\\/\",\"url\":\"https:\\\/\\\/www.anc.cr\\\/wp-content\\\/uploads\\\/2024\\\/07\\\/Logo-ANC-CR.png\",\"contentUrl\":\"https:\\\/\\\/www.anc.cr\\\/wp-content\\\/uploads\\\/2024\\\/07\\\/Logo-ANC-CR.png\",\"width\":1051,\"height\":593,\"caption\":\"ANC\"},\"image\":{\"@id\":\"https:\\\/\\\/www.anc.cr\\\/#\\\/schema\\\/logo\\\/image\\\/\"}},{\"@type\":\"Person\",\"@id\":\"https:\\\/\\\/www.anc.cr\\\/#\\\/schema\\\/person\\\/486dfb3c10d60edc273c76261637f974\",\"name\":\"Melania Odio\",\"image\":{\"@type\":\"ImageObject\",\"inLanguage\":\"en-US\",\"@id\":\"https:\\\/\\\/secure.gravatar.com\\\/avatar\\\/e4debd0a4caf61db079e372177f352082fc28176c661f5e38f2ef7e11f0a3430?s=96&d=mm&r=g\",\"url\":\"https:\\\/\\\/secure.gravatar.com\\\/avatar\\\/e4debd0a4caf61db079e372177f352082fc28176c661f5e38f2ef7e11f0a3430?s=96&d=mm&r=g\",\"contentUrl\":\"https:\\\/\\\/secure.gravatar.com\\\/avatar\\\/e4debd0a4caf61db079e372177f352082fc28176c661f5e38f2ef7e11f0a3430?s=96&d=mm&r=g\",\"caption\":\"Melania Odio\"},\"url\":\"https:\\\/\\\/www.anc.cr\\\/en\\\/author\\\/modio\\\/\"}]}<\/script>\n<!-- \/ Yoast SEO plugin. -->","yoast_head_json":{"title":"La Academia Nacional de Ciencias da la m\u00e1s cordial bienvenida a sus nuevos miembros - ANC","robots":{"index":"index","follow":"follow","max-snippet":"max-snippet:-1","max-image-preview":"max-image-preview:large","max-video-preview":"max-video-preview:-1"},"canonical":"https:\/\/www.anc.cr\/en\/la-academia-nacional-de-ciencias-da-la-mas-cordial-bienvenida-a-sus-nuevos-miembros\/","og_locale":"en_US","og_type":"article","og_title":"La Academia Nacional de Ciencias da la m\u00e1s cordial bienvenida a sus nuevos miembros - ANC","og_description":"La Academia Nacional de Ciencias (ANC) tiene el gusto de comunicar que, en la sesi\u00f3n No. 126 de su Asamblea General del pasado 6 de marzo, 2025,&nbsp; se eligieron ocho nuevos miembros, a quienes se les da la m\u00e1s cordial bienvenida: Acad\u00e9micas y Acad\u00e9micos de N\u00fameroDra. Mar\u00eda Luisa \u00c1vila Ag\u00fceroDr. Max Chavarr\u00eda VargasDr. Esteban Chaves [&hellip;]","og_url":"https:\/\/www.anc.cr\/en\/la-academia-nacional-de-ciencias-da-la-mas-cordial-bienvenida-a-sus-nuevos-miembros\/","og_site_name":"ANC","article_published_time":"2025-04-07T15:46:12+00:00","article_modified_time":"2025-04-07T15:48:15+00:00","og_image":[{"width":940,"height":788,"url":"https:\/\/www.anc.cr\/wp-content\/uploads\/2024\/12\/FELICITACIONES-A-LA-DRA.-HENRIETTE-RAVENTOS-VORST-POR-HABER-SIDO-GALARDONADA-CON-EL-PREMIO-NACIONAL-CLODOMIRO-PICADO-TWIGHT-2024-EN-LA-CATEGORIA-DE-CIENCIA2.png","type":"image\/png"}],"author":"Melania Odio","twitter_card":"summary_large_image","twitter_misc":{"Written by":"Melania Odio","Est. reading time":"9 minutes"},"schema":{"@context":"https:\/\/schema.org","@graph":[{"@type":"Article","@id":"https:\/\/www.anc.cr\/la-academia-nacional-de-ciencias-da-la-mas-cordial-bienvenida-a-sus-nuevos-miembros\/#article","isPartOf":{"@id":"https:\/\/www.anc.cr\/la-academia-nacional-de-ciencias-da-la-mas-cordial-bienvenida-a-sus-nuevos-miembros\/"},"author":{"name":"Melania Odio","@id":"https:\/\/www.anc.cr\/#\/schema\/person\/486dfb3c10d60edc273c76261637f974"},"headline":"La Academia Nacional de Ciencias da la m\u00e1s cordial bienvenida a sus nuevos miembros","datePublished":"2025-04-07T15:46:12+00:00","dateModified":"2025-04-07T15:48:15+00:00","mainEntityOfPage":{"@id":"https:\/\/www.anc.cr\/la-academia-nacional-de-ciencias-da-la-mas-cordial-bienvenida-a-sus-nuevos-miembros\/"},"wordCount":2036,"commentCount":0,"publisher":{"@id":"https:\/\/www.anc.cr\/#organization"},"image":{"@id":"https:\/\/www.anc.cr\/la-academia-nacional-de-ciencias-da-la-mas-cordial-bienvenida-a-sus-nuevos-miembros\/#primaryimage"},"thumbnailUrl":"https:\/\/www.anc.cr\/wp-content\/uploads\/2025\/04\/Logo-ANC-CR.png","articleSection":["Noticias"],"inLanguage":"en-US","potentialAction":[{"@type":"CommentAction","name":"Comment","target":["https:\/\/www.anc.cr\/la-academia-nacional-de-ciencias-da-la-mas-cordial-bienvenida-a-sus-nuevos-miembros\/#respond"]}]},{"@type":"WebPage","@id":"https:\/\/www.anc.cr\/la-academia-nacional-de-ciencias-da-la-mas-cordial-bienvenida-a-sus-nuevos-miembros\/","url":"https:\/\/www.anc.cr\/la-academia-nacional-de-ciencias-da-la-mas-cordial-bienvenida-a-sus-nuevos-miembros\/","name":"La Academia Nacional de Ciencias da la m\u00e1s cordial bienvenida a sus nuevos miembros - ANC","isPartOf":{"@id":"https:\/\/www.anc.cr\/#website"},"primaryImageOfPage":{"@id":"https:\/\/www.anc.cr\/la-academia-nacional-de-ciencias-da-la-mas-cordial-bienvenida-a-sus-nuevos-miembros\/#primaryimage"},"image":{"@id":"https:\/\/www.anc.cr\/la-academia-nacional-de-ciencias-da-la-mas-cordial-bienvenida-a-sus-nuevos-miembros\/#primaryimage"},"thumbnailUrl":"https:\/\/www.anc.cr\/wp-content\/uploads\/2025\/04\/Logo-ANC-CR.png","datePublished":"2025-04-07T15:46:12+00:00","dateModified":"2025-04-07T15:48:15+00:00","breadcrumb":{"@id":"https:\/\/www.anc.cr\/la-academia-nacional-de-ciencias-da-la-mas-cordial-bienvenida-a-sus-nuevos-miembros\/#breadcrumb"},"inLanguage":"en-US","potentialAction":[{"@type":"ReadAction","target":["https:\/\/www.anc.cr\/la-academia-nacional-de-ciencias-da-la-mas-cordial-bienvenida-a-sus-nuevos-miembros\/"]}]},{"@type":"ImageObject","inLanguage":"en-US","@id":"https:\/\/www.anc.cr\/la-academia-nacional-de-ciencias-da-la-mas-cordial-bienvenida-a-sus-nuevos-miembros\/#primaryimage","url":"https:\/\/www.anc.cr\/wp-content\/uploads\/2025\/04\/Logo-ANC-CR.png","contentUrl":"https:\/\/www.anc.cr\/wp-content\/uploads\/2025\/04\/Logo-ANC-CR.png","width":1051,"height":593},{"@type":"BreadcrumbList","@id":"https:\/\/www.anc.cr\/la-academia-nacional-de-ciencias-da-la-mas-cordial-bienvenida-a-sus-nuevos-miembros\/#breadcrumb","itemListElement":[{"@type":"ListItem","position":1,"name":"Portada","item":"https:\/\/www.anc.cr\/"},{"@type":"ListItem","position":2,"name":"La Academia Nacional de Ciencias da la m\u00e1s cordial bienvenida a sus nuevos miembros"}]},{"@type":"WebSite","@id":"https:\/\/www.anc.cr\/#website","url":"https:\/\/www.anc.cr\/","name":"ANC","description":"Academia Nacional de Ciencias","publisher":{"@id":"https:\/\/www.anc.cr\/#organization"},"potentialAction":[{"@type":"SearchAction","target":{"@type":"EntryPoint","urlTemplate":"https:\/\/www.anc.cr\/?s={search_term_string}"},"query-input":{"@type":"PropertyValueSpecification","valueRequired":true,"valueName":"search_term_string"}}],"inLanguage":"en-US"},{"@type":"Organization","@id":"https:\/\/www.anc.cr\/#organization","name":"ANC","url":"https:\/\/www.anc.cr\/","logo":{"@type":"ImageObject","inLanguage":"en-US","@id":"https:\/\/www.anc.cr\/#\/schema\/logo\/image\/","url":"https:\/\/www.anc.cr\/wp-content\/uploads\/2024\/07\/Logo-ANC-CR.png","contentUrl":"https:\/\/www.anc.cr\/wp-content\/uploads\/2024\/07\/Logo-ANC-CR.png","width":1051,"height":593,"caption":"ANC"},"image":{"@id":"https:\/\/www.anc.cr\/#\/schema\/logo\/image\/"}},{"@type":"Person","@id":"https:\/\/www.anc.cr\/#\/schema\/person\/486dfb3c10d60edc273c76261637f974","name":"Melania Odio","image":{"@type":"ImageObject","inLanguage":"en-US","@id":"https:\/\/secure.gravatar.com\/avatar\/e4debd0a4caf61db079e372177f352082fc28176c661f5e38f2ef7e11f0a3430?s=96&d=mm&r=g","url":"https:\/\/secure.gravatar.com\/avatar\/e4debd0a4caf61db079e372177f352082fc28176c661f5e38f2ef7e11f0a3430?s=96&d=mm&r=g","contentUrl":"https:\/\/secure.gravatar.com\/avatar\/e4debd0a4caf61db079e372177f352082fc28176c661f5e38f2ef7e11f0a3430?s=96&d=mm&r=g","caption":"Melania Odio"},"url":"https:\/\/www.anc.cr\/en\/author\/modio\/"}]}},"_links":{"self":[{"href":"https:\/\/www.anc.cr\/en\/wp-json\/wp\/v2\/posts\/2286","targetHints":{"allow":["GET"]}}],"collection":[{"href":"https:\/\/www.anc.cr\/en\/wp-json\/wp\/v2\/posts"}],"about":[{"href":"https:\/\/www.anc.cr\/en\/wp-json\/wp\/v2\/types\/post"}],"author":[{"embeddable":true,"href":"https:\/\/www.anc.cr\/en\/wp-json\/wp\/v2\/users\/2"}],"replies":[{"embeddable":true,"href":"https:\/\/www.anc.cr\/en\/wp-json\/wp\/v2\/comments?post=2286"}],"version-history":[{"count":1,"href":"https:\/\/www.anc.cr\/en\/wp-json\/wp\/v2\/posts\/2286\/revisions"}],"predecessor-version":[{"id":2287,"href":"https:\/\/www.anc.cr\/en\/wp-json\/wp\/v2\/posts\/2286\/revisions\/2287"}],"wp:featuredmedia":[{"embeddable":true,"href":"https:\/\/www.anc.cr\/en\/wp-json\/wp\/v2\/media\/2288"}],"wp:attachment":[{"href":"https:\/\/www.anc.cr\/en\/wp-json\/wp\/v2\/media?parent=2286"}],"wp:term":[{"taxonomy":"category","embeddable":true,"href":"https:\/\/www.anc.cr\/en\/wp-json\/wp\/v2\/categories?post=2286"},{"taxonomy":"post_tag","embeddable":true,"href":"https:\/\/www.anc.cr\/en\/wp-json\/wp\/v2\/tags?post=2286"}],"curies":[{"name":"wp","href":"https:\/\/api.w.org\/{rel}","templated":true}]}}