{"id":193,"date":"2024-05-15T21:06:01","date_gmt":"2024-05-16T03:06:01","guid":{"rendered":"http:\/\/anc.local\/?p=193"},"modified":"2024-05-15T21:06:02","modified_gmt":"2024-05-16T03:06:02","slug":"la-academia-nacional-de-ciencias-cumple-25-anos-impulsando-el-desarrollo-cientifico-nacional","status":"publish","type":"post","link":"https:\/\/www.anc.cr\/en\/la-academia-nacional-de-ciencias-cumple-25-anos-impulsando-el-desarrollo-cientifico-nacional\/","title":{"rendered":"LA ACADEMIA NACIONAL DE CIENCIAS CUMPLE 25 A\u00d1OS IMPULSANDO EL DESARROLLO CIENT\u00cdFICO NACIONAL"},"content":{"rendered":"<p>Un 26 de junio del a\u00f1o 1992 se cre\u00f3 la Academia Nacional de Ciencias, con el prop\u00f3sito de contar con un foro para la discusi\u00f3n cient\u00edfica de car\u00e1cter multidisciplinario, cuyos miembros fueran cient\u00edficos, acad\u00e9micos e investigadores que hubieran realizado importantes contribuciones en las ciencias.&nbsp;&nbsp;Ese d\u00eda se nombraron los primeros 26 miembros plenos de la Academia, luego de un cuidadoso escrutinio de los cient\u00edficos que hubiesen publicado al menos 50 trabajos en revistas cient\u00edficas y que hubiesen tenido un impacto en la investigaci\u00f3n cient\u00edfica nacional.<\/p>\n\n\n\n<p>Un total de 66 cient\u00edficos y cient\u00edficas han sido miembros de la ANC en estos 25 a\u00f1os. Para ser miembro de la Academia Nacional de Ciencias los postulantes deben de tener una carrera cient\u00edfica ininterrumpida, consistente en publicaciones en trabajos cient\u00edficos, revistas indexadas, contribuciones significativas para el pa\u00eds y el mundo cient\u00edfico; haber sido recipientes de galardones y reconocimientos nacionales e internacionales, y tener liderazgo en su campo o disciplina de investigaci\u00f3n.&nbsp;<\/p>\n\n\n\n<p>El pasado 26 de junio del presente a\u00f1o se conmemor\u00f3 los 25 a\u00f1os de creaci\u00f3n de la Academia Nacional de Ciencias en una ceremonia solemne que se llev\u00f3 a cabo en el Museo de Jade, con la participaci\u00f3n del presidente de la Rep\u00fablica, el Sr. Luis Guillermo Sol\u00eds Rivera, la Ministra de Ciencia y Tecnolog\u00eda, la Sra. Carolina V\u00e1squez Soto, el Sr.&nbsp;&nbsp;Luis Francisco Valverde R\u00edmolo, vicepresidente de la Junta Directiva de Correos de Costa Rica, el Dr. Pedro Le\u00f3n Azofeifa, presidente de la Academia Nacional de Ciencias, as\u00ed como tambi\u00e9n miembros de la Academia, y personeros del Gobierno de Costa Rica.<\/p>\n\n\n\n<p>\u201cSus miembros con su dedicaci\u00f3n y compromiso constituyen el capital m\u00e1s importante de la Academia Nacional de Ciencias, su trabajo no es remunerado econ\u00f3micamente y solo lo es su satisfacci\u00f3n de haber cumplido con la Patria y lo han hecho con altura, con desprendimiento, esta es una celebraci\u00f3n propicia para que el Estado les reconozca su labor y agradezca el fruto de sus logros\u201d Sr. Luis Guillermo Sol\u00eds, Presidente de la Republica.<\/p>\n\n\n\n<p>En dicha conmemoraci\u00f3n la Academia Nacional de Ciencias homenaje\u00f3 a dos destacados investigadores costarricenses, que han contribuido al desarrollo cient\u00edfico y tecnol\u00f3gico nacional y que han sido pioneros de la Institucionalidad cient\u00edfica.&nbsp;&nbsp;<\/p>\n\n\n\n<p>Se reconoci\u00f3 la labor del Dr.&nbsp;&nbsp;Rodrigo Zeled\u00f3n, quien fue el primer ministro de Ciencia y Tecnolog\u00eda y l\u00edder en la creaci\u00f3n de CONICIT, maestro inspirador e investigador insigne.<\/p>\n\n\n\n<p>Igualmente se homenaje\u00f3 al Dr. Orlando Morales Matamoros, quien siendo ministro de Ciencia y Tecnolog\u00eda promovi\u00f3 con entusiasmo la creaci\u00f3n de la Academia Nacional de Ciencias de Costa Rica instalada durante su gesti\u00f3n el 26 de junio de 1992.<\/p>\n\n\n\n<p>Correos de Costa Rica reconoci\u00f3 la labor de la Academia Nacional de Ciencias y en el Acto Solemne se hizo la entrega oficial del matasellos en conmemoraci\u00f3n al 25 aniversario de la Academia Nacional de las Ciencias, el cual fue colocado en la estampilla de la Ing. Sandra Cauffman, miembro de la ANC e ingeniera de la NASA. Las cartas, sobres y paquetes que entraron y salieron del pa\u00eds el lunes 26 de junio, 2017, exhibieron el matasellos que celebra los 25 a\u00f1os de la Academia Nacional de Ciencias.<\/p>\n\n\n\n<p>Fue un gran honor para la ANC contar con la participaci\u00f3n de los representantes de la Red Interamericana de Academias de Ciencias (IANAS), personas de gran prestigio, trayectoria y reconocimiento cient\u00edfico, quienes representaron las Academias de Ciencias de Am\u00e9rica.&nbsp;<\/p>\n\n\n\n<p>&#8220;Creemos que para nuestro pa\u00eds la Ciencia y la Tecnolog\u00eda son instrumentos de desarrollo que mejoran la calidad de vida de las personas y sabemos que la Academia Nacional de Ciencias enfrenta el reto de hacer la ciencia relevante y \u00fatil en la toma de decisiones, as\u00ed como en el disfrute espiritual que el asombro de sus descubrimientos aporta a los seres humanos&#8221; Dr. Pedro Le\u00f3n, Presidente de la Academia Nacional de Ciencias.&nbsp;&nbsp;&nbsp;&nbsp;<\/p>","protected":false},"excerpt":{"rendered":"<p>Un 26 de junio del a\u00f1o 1992 se cre\u00f3 la Academia Nacional de Ciencias, con el prop\u00f3sito de contar con un foro para la discusi\u00f3n cient\u00edfica de car\u00e1cter multidisciplinario, cuyos miembros fueran cient\u00edficos, acad\u00e9micos e investigadores que hubieran realizado importantes contribuciones en las ciencias.&nbsp;&nbsp;Ese d\u00eda se nombraron los primeros 26 miembros plenos de la Academia, [&hellip;]<\/p>\n","protected":false},"author":1,"featured_media":194,"comment_status":"open","ping_status":"open","sticky":false,"template":"","format":"standard","meta":{"footnotes":""},"categories":[7],"tags":[],"class_list":["post-193","post","type-post","status-publish","format-standard","has-post-thumbnail","hentry","category-noticias"],"yoast_head":"<!-- This site is optimized with the Yoast SEO plugin v27.3 - https:\/\/yoast.com\/product\/yoast-seo-wordpress\/ -->\n<title>LA ACADEMIA NACIONAL DE CIENCIAS CUMPLE 25 A\u00d1OS IMPULSANDO EL DESARROLLO CIENT\u00cdFICO NACIONAL - ANC<\/title>\n<meta name=\"robots\" content=\"index, follow, max-snippet:-1, max-image-preview:large, max-video-preview:-1\" \/>\n<link rel=\"canonical\" href=\"https:\/\/www.anc.cr\/en\/la-academia-nacional-de-ciencias-cumple-25-anos-impulsando-el-desarrollo-cientifico-nacional\/\" \/>\n<meta property=\"og:locale\" content=\"en_US\" \/>\n<meta property=\"og:type\" content=\"article\" \/>\n<meta property=\"og:title\" content=\"LA ACADEMIA NACIONAL DE CIENCIAS CUMPLE 25 A\u00d1OS IMPULSANDO EL DESARROLLO CIENT\u00cdFICO NACIONAL - ANC\" \/>\n<meta property=\"og:description\" content=\"Un 26 de junio del a\u00f1o 1992 se cre\u00f3 la Academia Nacional de Ciencias, con el prop\u00f3sito de contar con un foro para la discusi\u00f3n cient\u00edfica de car\u00e1cter multidisciplinario, cuyos miembros fueran cient\u00edficos, acad\u00e9micos e investigadores que hubieran realizado importantes contribuciones en las ciencias.&nbsp;&nbsp;Ese d\u00eda se nombraron los primeros 26 miembros plenos de la Academia, [&hellip;]\" \/>\n<meta property=\"og:url\" content=\"https:\/\/www.anc.cr\/en\/la-academia-nacional-de-ciencias-cumple-25-anos-impulsando-el-desarrollo-cientifico-nacional\/\" \/>\n<meta property=\"og:site_name\" content=\"ANC\" \/>\n<meta property=\"article:published_time\" content=\"2024-05-16T03:06:01+00:00\" \/>\n<meta property=\"article:modified_time\" content=\"2024-05-16T03:06:02+00:00\" \/>\n<meta property=\"og:image\" content=\"https:\/\/www.anc.cr\/wp-content\/uploads\/2024\/05\/25-aniversario.jpg\" \/>\n\t<meta property=\"og:image:width\" content=\"960\" \/>\n\t<meta property=\"og:image:height\" content=\"640\" \/>\n\t<meta property=\"og:image:type\" content=\"image\/jpeg\" \/>\n<meta name=\"author\" content=\"jarguedasc\" \/>\n<meta name=\"twitter:card\" content=\"summary_large_image\" \/>\n<meta name=\"twitter:label1\" content=\"Written by\" \/>\n\t<meta name=\"twitter:data1\" content=\"jarguedasc\" \/>\n\t<meta name=\"twitter:label2\" content=\"Est. reading time\" \/>\n\t<meta name=\"twitter:data2\" content=\"3 minutes\" \/>\n<script type=\"application\/ld+json\" class=\"yoast-schema-graph\">{\"@context\":\"https:\\\/\\\/schema.org\",\"@graph\":[{\"@type\":\"Article\",\"@id\":\"https:\\\/\\\/www.anc.cr\\\/la-academia-nacional-de-ciencias-cumple-25-anos-impulsando-el-desarrollo-cientifico-nacional\\\/#article\",\"isPartOf\":{\"@id\":\"https:\\\/\\\/www.anc.cr\\\/la-academia-nacional-de-ciencias-cumple-25-anos-impulsando-el-desarrollo-cientifico-nacional\\\/\"},\"author\":{\"name\":\"jarguedasc\",\"@id\":\"https:\\\/\\\/www.anc.cr\\\/#\\\/schema\\\/person\\\/7766bd50e439d728b840c06d98f7b30c\"},\"headline\":\"LA ACADEMIA NACIONAL DE CIENCIAS CUMPLE 25 A\u00d1OS IMPULSANDO EL DESARROLLO CIENT\u00cdFICO NACIONAL\",\"datePublished\":\"2024-05-16T03:06:01+00:00\",\"dateModified\":\"2024-05-16T03:06:02+00:00\",\"mainEntityOfPage\":{\"@id\":\"https:\\\/\\\/www.anc.cr\\\/la-academia-nacional-de-ciencias-cumple-25-anos-impulsando-el-desarrollo-cientifico-nacional\\\/\"},\"wordCount\":703,\"commentCount\":0,\"publisher\":{\"@id\":\"https:\\\/\\\/www.anc.cr\\\/#organization\"},\"image\":{\"@id\":\"https:\\\/\\\/www.anc.cr\\\/la-academia-nacional-de-ciencias-cumple-25-anos-impulsando-el-desarrollo-cientifico-nacional\\\/#primaryimage\"},\"thumbnailUrl\":\"https:\\\/\\\/www.anc.cr\\\/wp-content\\\/uploads\\\/2024\\\/05\\\/25-aniversario.jpg\",\"articleSection\":[\"Noticias\"],\"inLanguage\":\"en-US\",\"potentialAction\":[{\"@type\":\"CommentAction\",\"name\":\"Comment\",\"target\":[\"https:\\\/\\\/www.anc.cr\\\/la-academia-nacional-de-ciencias-cumple-25-anos-impulsando-el-desarrollo-cientifico-nacional\\\/#respond\"]}]},{\"@type\":\"WebPage\",\"@id\":\"https:\\\/\\\/www.anc.cr\\\/la-academia-nacional-de-ciencias-cumple-25-anos-impulsando-el-desarrollo-cientifico-nacional\\\/\",\"url\":\"https:\\\/\\\/www.anc.cr\\\/la-academia-nacional-de-ciencias-cumple-25-anos-impulsando-el-desarrollo-cientifico-nacional\\\/\",\"name\":\"LA ACADEMIA NACIONAL DE CIENCIAS CUMPLE 25 A\u00d1OS IMPULSANDO EL DESARROLLO CIENT\u00cdFICO NACIONAL - ANC\",\"isPartOf\":{\"@id\":\"https:\\\/\\\/www.anc.cr\\\/#website\"},\"primaryImageOfPage\":{\"@id\":\"https:\\\/\\\/www.anc.cr\\\/la-academia-nacional-de-ciencias-cumple-25-anos-impulsando-el-desarrollo-cientifico-nacional\\\/#primaryimage\"},\"image\":{\"@id\":\"https:\\\/\\\/www.anc.cr\\\/la-academia-nacional-de-ciencias-cumple-25-anos-impulsando-el-desarrollo-cientifico-nacional\\\/#primaryimage\"},\"thumbnailUrl\":\"https:\\\/\\\/www.anc.cr\\\/wp-content\\\/uploads\\\/2024\\\/05\\\/25-aniversario.jpg\",\"datePublished\":\"2024-05-16T03:06:01+00:00\",\"dateModified\":\"2024-05-16T03:06:02+00:00\",\"breadcrumb\":{\"@id\":\"https:\\\/\\\/www.anc.cr\\\/la-academia-nacional-de-ciencias-cumple-25-anos-impulsando-el-desarrollo-cientifico-nacional\\\/#breadcrumb\"},\"inLanguage\":\"en-US\",\"potentialAction\":[{\"@type\":\"ReadAction\",\"target\":[\"https:\\\/\\\/www.anc.cr\\\/la-academia-nacional-de-ciencias-cumple-25-anos-impulsando-el-desarrollo-cientifico-nacional\\\/\"]}]},{\"@type\":\"ImageObject\",\"inLanguage\":\"en-US\",\"@id\":\"https:\\\/\\\/www.anc.cr\\\/la-academia-nacional-de-ciencias-cumple-25-anos-impulsando-el-desarrollo-cientifico-nacional\\\/#primaryimage\",\"url\":\"https:\\\/\\\/www.anc.cr\\\/wp-content\\\/uploads\\\/2024\\\/05\\\/25-aniversario.jpg\",\"contentUrl\":\"https:\\\/\\\/www.anc.cr\\\/wp-content\\\/uploads\\\/2024\\\/05\\\/25-aniversario.jpg\",\"width\":960,\"height\":640},{\"@type\":\"BreadcrumbList\",\"@id\":\"https:\\\/\\\/www.anc.cr\\\/la-academia-nacional-de-ciencias-cumple-25-anos-impulsando-el-desarrollo-cientifico-nacional\\\/#breadcrumb\",\"itemListElement\":[{\"@type\":\"ListItem\",\"position\":1,\"name\":\"Portada\",\"item\":\"https:\\\/\\\/www.anc.cr\\\/\"},{\"@type\":\"ListItem\",\"position\":2,\"name\":\"LA ACADEMIA NACIONAL DE CIENCIAS CUMPLE 25 A\u00d1OS IMPULSANDO EL DESARROLLO CIENT\u00cdFICO NACIONAL\"}]},{\"@type\":\"WebSite\",\"@id\":\"https:\\\/\\\/www.anc.cr\\\/#website\",\"url\":\"https:\\\/\\\/www.anc.cr\\\/\",\"name\":\"ANC\",\"description\":\"Academia Nacional de Ciencias\",\"publisher\":{\"@id\":\"https:\\\/\\\/www.anc.cr\\\/#organization\"},\"potentialAction\":[{\"@type\":\"SearchAction\",\"target\":{\"@type\":\"EntryPoint\",\"urlTemplate\":\"https:\\\/\\\/www.anc.cr\\\/?s={search_term_string}\"},\"query-input\":{\"@type\":\"PropertyValueSpecification\",\"valueRequired\":true,\"valueName\":\"search_term_string\"}}],\"inLanguage\":\"en-US\"},{\"@type\":\"Organization\",\"@id\":\"https:\\\/\\\/www.anc.cr\\\/#organization\",\"name\":\"ANC\",\"url\":\"https:\\\/\\\/www.anc.cr\\\/\",\"logo\":{\"@type\":\"ImageObject\",\"inLanguage\":\"en-US\",\"@id\":\"https:\\\/\\\/www.anc.cr\\\/#\\\/schema\\\/logo\\\/image\\\/\",\"url\":\"https:\\\/\\\/www.anc.cr\\\/wp-content\\\/uploads\\\/2024\\\/07\\\/Logo-ANC-CR.png\",\"contentUrl\":\"https:\\\/\\\/www.anc.cr\\\/wp-content\\\/uploads\\\/2024\\\/07\\\/Logo-ANC-CR.png\",\"width\":1051,\"height\":593,\"caption\":\"ANC\"},\"image\":{\"@id\":\"https:\\\/\\\/www.anc.cr\\\/#\\\/schema\\\/logo\\\/image\\\/\"}},{\"@type\":\"Person\",\"@id\":\"https:\\\/\\\/www.anc.cr\\\/#\\\/schema\\\/person\\\/7766bd50e439d728b840c06d98f7b30c\",\"name\":\"jarguedasc\",\"image\":{\"@type\":\"ImageObject\",\"inLanguage\":\"en-US\",\"@id\":\"https:\\\/\\\/secure.gravatar.com\\\/avatar\\\/a31f956dbf8cf8534efedbd72d1775ec1dda66cb68632d84e544549eca557ce4?s=96&d=mm&r=g\",\"url\":\"https:\\\/\\\/secure.gravatar.com\\\/avatar\\\/a31f956dbf8cf8534efedbd72d1775ec1dda66cb68632d84e544549eca557ce4?s=96&d=mm&r=g\",\"contentUrl\":\"https:\\\/\\\/secure.gravatar.com\\\/avatar\\\/a31f956dbf8cf8534efedbd72d1775ec1dda66cb68632d84e544549eca557ce4?s=96&d=mm&r=g\",\"caption\":\"jarguedasc\"},\"sameAs\":[\"https:\\\/\\\/www.anc.cr\"],\"url\":\"https:\\\/\\\/www.anc.cr\\\/en\\\/author\\\/jarguedasc\\\/\"}]}<\/script>\n<!-- \/ Yoast SEO plugin. -->","yoast_head_json":{"title":"LA ACADEMIA NACIONAL DE CIENCIAS CUMPLE 25 A\u00d1OS IMPULSANDO EL DESARROLLO CIENT\u00cdFICO NACIONAL - ANC","robots":{"index":"index","follow":"follow","max-snippet":"max-snippet:-1","max-image-preview":"max-image-preview:large","max-video-preview":"max-video-preview:-1"},"canonical":"https:\/\/www.anc.cr\/en\/la-academia-nacional-de-ciencias-cumple-25-anos-impulsando-el-desarrollo-cientifico-nacional\/","og_locale":"en_US","og_type":"article","og_title":"LA ACADEMIA NACIONAL DE CIENCIAS CUMPLE 25 A\u00d1OS IMPULSANDO EL DESARROLLO CIENT\u00cdFICO NACIONAL - ANC","og_description":"Un 26 de junio del a\u00f1o 1992 se cre\u00f3 la Academia Nacional de Ciencias, con el prop\u00f3sito de contar con un foro para la discusi\u00f3n cient\u00edfica de car\u00e1cter multidisciplinario, cuyos miembros fueran cient\u00edficos, acad\u00e9micos e investigadores que hubieran realizado importantes contribuciones en las ciencias.&nbsp;&nbsp;Ese d\u00eda se nombraron los primeros 26 miembros plenos de la Academia, [&hellip;]","og_url":"https:\/\/www.anc.cr\/en\/la-academia-nacional-de-ciencias-cumple-25-anos-impulsando-el-desarrollo-cientifico-nacional\/","og_site_name":"ANC","article_published_time":"2024-05-16T03:06:01+00:00","article_modified_time":"2024-05-16T03:06:02+00:00","og_image":[{"width":960,"height":640,"url":"https:\/\/www.anc.cr\/wp-content\/uploads\/2024\/05\/25-aniversario.jpg","type":"image\/jpeg"}],"author":"jarguedasc","twitter_card":"summary_large_image","twitter_misc":{"Written by":"jarguedasc","Est. reading time":"3 minutes"},"schema":{"@context":"https:\/\/schema.org","@graph":[{"@type":"Article","@id":"https:\/\/www.anc.cr\/la-academia-nacional-de-ciencias-cumple-25-anos-impulsando-el-desarrollo-cientifico-nacional\/#article","isPartOf":{"@id":"https:\/\/www.anc.cr\/la-academia-nacional-de-ciencias-cumple-25-anos-impulsando-el-desarrollo-cientifico-nacional\/"},"author":{"name":"jarguedasc","@id":"https:\/\/www.anc.cr\/#\/schema\/person\/7766bd50e439d728b840c06d98f7b30c"},"headline":"LA ACADEMIA NACIONAL DE CIENCIAS CUMPLE 25 A\u00d1OS IMPULSANDO EL DESARROLLO CIENT\u00cdFICO NACIONAL","datePublished":"2024-05-16T03:06:01+00:00","dateModified":"2024-05-16T03:06:02+00:00","mainEntityOfPage":{"@id":"https:\/\/www.anc.cr\/la-academia-nacional-de-ciencias-cumple-25-anos-impulsando-el-desarrollo-cientifico-nacional\/"},"wordCount":703,"commentCount":0,"publisher":{"@id":"https:\/\/www.anc.cr\/#organization"},"image":{"@id":"https:\/\/www.anc.cr\/la-academia-nacional-de-ciencias-cumple-25-anos-impulsando-el-desarrollo-cientifico-nacional\/#primaryimage"},"thumbnailUrl":"https:\/\/www.anc.cr\/wp-content\/uploads\/2024\/05\/25-aniversario.jpg","articleSection":["Noticias"],"inLanguage":"en-US","potentialAction":[{"@type":"CommentAction","name":"Comment","target":["https:\/\/www.anc.cr\/la-academia-nacional-de-ciencias-cumple-25-anos-impulsando-el-desarrollo-cientifico-nacional\/#respond"]}]},{"@type":"WebPage","@id":"https:\/\/www.anc.cr\/la-academia-nacional-de-ciencias-cumple-25-anos-impulsando-el-desarrollo-cientifico-nacional\/","url":"https:\/\/www.anc.cr\/la-academia-nacional-de-ciencias-cumple-25-anos-impulsando-el-desarrollo-cientifico-nacional\/","name":"LA ACADEMIA NACIONAL DE CIENCIAS CUMPLE 25 A\u00d1OS IMPULSANDO EL DESARROLLO CIENT\u00cdFICO NACIONAL - ANC","isPartOf":{"@id":"https:\/\/www.anc.cr\/#website"},"primaryImageOfPage":{"@id":"https:\/\/www.anc.cr\/la-academia-nacional-de-ciencias-cumple-25-anos-impulsando-el-desarrollo-cientifico-nacional\/#primaryimage"},"image":{"@id":"https:\/\/www.anc.cr\/la-academia-nacional-de-ciencias-cumple-25-anos-impulsando-el-desarrollo-cientifico-nacional\/#primaryimage"},"thumbnailUrl":"https:\/\/www.anc.cr\/wp-content\/uploads\/2024\/05\/25-aniversario.jpg","datePublished":"2024-05-16T03:06:01+00:00","dateModified":"2024-05-16T03:06:02+00:00","breadcrumb":{"@id":"https:\/\/www.anc.cr\/la-academia-nacional-de-ciencias-cumple-25-anos-impulsando-el-desarrollo-cientifico-nacional\/#breadcrumb"},"inLanguage":"en-US","potentialAction":[{"@type":"ReadAction","target":["https:\/\/www.anc.cr\/la-academia-nacional-de-ciencias-cumple-25-anos-impulsando-el-desarrollo-cientifico-nacional\/"]}]},{"@type":"ImageObject","inLanguage":"en-US","@id":"https:\/\/www.anc.cr\/la-academia-nacional-de-ciencias-cumple-25-anos-impulsando-el-desarrollo-cientifico-nacional\/#primaryimage","url":"https:\/\/www.anc.cr\/wp-content\/uploads\/2024\/05\/25-aniversario.jpg","contentUrl":"https:\/\/www.anc.cr\/wp-content\/uploads\/2024\/05\/25-aniversario.jpg","width":960,"height":640},{"@type":"BreadcrumbList","@id":"https:\/\/www.anc.cr\/la-academia-nacional-de-ciencias-cumple-25-anos-impulsando-el-desarrollo-cientifico-nacional\/#breadcrumb","itemListElement":[{"@type":"ListItem","position":1,"name":"Portada","item":"https:\/\/www.anc.cr\/"},{"@type":"ListItem","position":2,"name":"LA ACADEMIA NACIONAL DE CIENCIAS CUMPLE 25 A\u00d1OS IMPULSANDO EL DESARROLLO CIENT\u00cdFICO NACIONAL"}]},{"@type":"WebSite","@id":"https:\/\/www.anc.cr\/#website","url":"https:\/\/www.anc.cr\/","name":"ANC","description":"Academia Nacional de Ciencias","publisher":{"@id":"https:\/\/www.anc.cr\/#organization"},"potentialAction":[{"@type":"SearchAction","target":{"@type":"EntryPoint","urlTemplate":"https:\/\/www.anc.cr\/?s={search_term_string}"},"query-input":{"@type":"PropertyValueSpecification","valueRequired":true,"valueName":"search_term_string"}}],"inLanguage":"en-US"},{"@type":"Organization","@id":"https:\/\/www.anc.cr\/#organization","name":"ANC","url":"https:\/\/www.anc.cr\/","logo":{"@type":"ImageObject","inLanguage":"en-US","@id":"https:\/\/www.anc.cr\/#\/schema\/logo\/image\/","url":"https:\/\/www.anc.cr\/wp-content\/uploads\/2024\/07\/Logo-ANC-CR.png","contentUrl":"https:\/\/www.anc.cr\/wp-content\/uploads\/2024\/07\/Logo-ANC-CR.png","width":1051,"height":593,"caption":"ANC"},"image":{"@id":"https:\/\/www.anc.cr\/#\/schema\/logo\/image\/"}},{"@type":"Person","@id":"https:\/\/www.anc.cr\/#\/schema\/person\/7766bd50e439d728b840c06d98f7b30c","name":"jarguedasc","image":{"@type":"ImageObject","inLanguage":"en-US","@id":"https:\/\/secure.gravatar.com\/avatar\/a31f956dbf8cf8534efedbd72d1775ec1dda66cb68632d84e544549eca557ce4?s=96&d=mm&r=g","url":"https:\/\/secure.gravatar.com\/avatar\/a31f956dbf8cf8534efedbd72d1775ec1dda66cb68632d84e544549eca557ce4?s=96&d=mm&r=g","contentUrl":"https:\/\/secure.gravatar.com\/avatar\/a31f956dbf8cf8534efedbd72d1775ec1dda66cb68632d84e544549eca557ce4?s=96&d=mm&r=g","caption":"jarguedasc"},"sameAs":["https:\/\/www.anc.cr"],"url":"https:\/\/www.anc.cr\/en\/author\/jarguedasc\/"}]}},"_links":{"self":[{"href":"https:\/\/www.anc.cr\/en\/wp-json\/wp\/v2\/posts\/193","targetHints":{"allow":["GET"]}}],"collection":[{"href":"https:\/\/www.anc.cr\/en\/wp-json\/wp\/v2\/posts"}],"about":[{"href":"https:\/\/www.anc.cr\/en\/wp-json\/wp\/v2\/types\/post"}],"author":[{"embeddable":true,"href":"https:\/\/www.anc.cr\/en\/wp-json\/wp\/v2\/users\/1"}],"replies":[{"embeddable":true,"href":"https:\/\/www.anc.cr\/en\/wp-json\/wp\/v2\/comments?post=193"}],"version-history":[{"count":1,"href":"https:\/\/www.anc.cr\/en\/wp-json\/wp\/v2\/posts\/193\/revisions"}],"predecessor-version":[{"id":195,"href":"https:\/\/www.anc.cr\/en\/wp-json\/wp\/v2\/posts\/193\/revisions\/195"}],"wp:featuredmedia":[{"embeddable":true,"href":"https:\/\/www.anc.cr\/en\/wp-json\/wp\/v2\/media\/194"}],"wp:attachment":[{"href":"https:\/\/www.anc.cr\/en\/wp-json\/wp\/v2\/media?parent=193"}],"wp:term":[{"taxonomy":"category","embeddable":true,"href":"https:\/\/www.anc.cr\/en\/wp-json\/wp\/v2\/categories?post=193"},{"taxonomy":"post_tag","embeddable":true,"href":"https:\/\/www.anc.cr\/en\/wp-json\/wp\/v2\/tags?post=193"}],"curies":[{"name":"wp","href":"https:\/\/api.w.org\/{rel}","templated":true}]}}