{"id":1647,"date":"2024-09-04T13:30:23","date_gmt":"2024-09-04T19:30:23","guid":{"rendered":"https:\/\/juandiegoa7.sg-host.com\/?p=1647"},"modified":"2024-09-04T13:30:23","modified_gmt":"2024-09-04T19:30:23","slug":"calendario-de-conferencias-mes-de-la-ciencia","status":"publish","type":"post","link":"https:\/\/www.anc.cr\/en\/calendario-de-conferencias-mes-de-la-ciencia\/","title":{"rendered":"CALENDARIO DE CONFERENCIAS MES DE LA CIENCIA"},"content":{"rendered":"<p>Celebramos el Mes de la Ciencia con 4 conferencias<\/p>\n\n\n\n<p>Nuestra primera conferencia ser\u00e1: \u201cT\u00e9cnicas de Aprendizaje Autom\u00e1tico para el Diagn\u00f3stico de Rendimiento en Microprocesadores\u201d.<br>Impartida por Erick Carvajal<br>Profesor e investigador, Escuela de Ingenier\u00eda El\u00e9ctrica, UCR.<\/p>\n\n\n\n<p>D\u00eda: 7 de agosto<br>Hora: 3:00 P.M.<\/p>\n\n\n\n<p>ID del seminario web: 838 5955 8479<br>Haga clic en el enlace a continuaci\u00f3n para unirse al seminario web:<br>https:\/\/us06web.zoom.us\/j\/83859558479<br>Facebook Live:<br>Link: https:\/\/www.facebook.com\/Academia-Nacional-de-Ciencias-Costa-Rica-544769138905293<\/p>","protected":false},"excerpt":{"rendered":"<p>Celebramos el Mes de la Ciencia con 4 conferencias Nuestra primera conferencia ser\u00e1: \u201cT\u00e9cnicas de Aprendizaje Autom\u00e1tico para el Diagn\u00f3stico de Rendimiento en Microprocesadores\u201d.Impartida por Erick CarvajalProfesor e investigador, Escuela de Ingenier\u00eda El\u00e9ctrica, UCR. D\u00eda: 7 de agostoHora: 3:00 P.M. ID del seminario web: 838 5955 8479Haga clic en el enlace a continuaci\u00f3n para unirse [&hellip;]<\/p>\n","protected":false},"author":1,"featured_media":1648,"comment_status":"open","ping_status":"open","sticky":false,"template":"","format":"standard","meta":{"footnotes":""},"categories":[7],"tags":[],"class_list":["post-1647","post","type-post","status-publish","format-standard","has-post-thumbnail","hentry","category-noticias"],"yoast_head":"<!-- This site is optimized with the Yoast SEO plugin v27.3 - https:\/\/yoast.com\/product\/yoast-seo-wordpress\/ -->\n<title>CALENDARIO DE CONFERENCIAS MES DE LA CIENCIA - ANC<\/title>\n<meta name=\"robots\" content=\"index, follow, max-snippet:-1, max-image-preview:large, max-video-preview:-1\" \/>\n<link rel=\"canonical\" href=\"https:\/\/www.anc.cr\/en\/calendario-de-conferencias-mes-de-la-ciencia\/\" \/>\n<meta property=\"og:locale\" content=\"en_US\" \/>\n<meta property=\"og:type\" content=\"article\" \/>\n<meta property=\"og:title\" content=\"CALENDARIO DE CONFERENCIAS MES DE LA CIENCIA - ANC\" \/>\n<meta property=\"og:description\" content=\"Celebramos el Mes de la Ciencia con 4 conferencias Nuestra primera conferencia ser\u00e1: \u201cT\u00e9cnicas de Aprendizaje Autom\u00e1tico para el Diagn\u00f3stico de Rendimiento en Microprocesadores\u201d.Impartida por Erick CarvajalProfesor e investigador, Escuela de Ingenier\u00eda El\u00e9ctrica, UCR. D\u00eda: 7 de agostoHora: 3:00 P.M. ID del seminario web: 838 5955 8479Haga clic en el enlace a continuaci\u00f3n para unirse [&hellip;]\" \/>\n<meta property=\"og:url\" content=\"https:\/\/www.anc.cr\/en\/calendario-de-conferencias-mes-de-la-ciencia\/\" \/>\n<meta property=\"og:site_name\" content=\"ANC\" \/>\n<meta property=\"article:published_time\" content=\"2024-09-04T19:30:23+00:00\" \/>\n<meta property=\"og:image\" content=\"https:\/\/www.anc.cr\/wp-content\/uploads\/2024\/09\/Calendario_Agosto_Mes_de_la_Ciencia.png\" \/>\n\t<meta property=\"og:image:width\" content=\"1080\" \/>\n\t<meta property=\"og:image:height\" content=\"1080\" \/>\n\t<meta property=\"og:image:type\" content=\"image\/png\" \/>\n<meta name=\"author\" content=\"jarguedasc\" \/>\n<meta name=\"twitter:card\" content=\"summary_large_image\" \/>\n<meta name=\"twitter:label1\" content=\"Written by\" \/>\n\t<meta name=\"twitter:data1\" content=\"jarguedasc\" \/>\n<script type=\"application\/ld+json\" class=\"yoast-schema-graph\">{\"@context\":\"https:\\\/\\\/schema.org\",\"@graph\":[{\"@type\":\"Article\",\"@id\":\"https:\\\/\\\/www.anc.cr\\\/calendario-de-conferencias-mes-de-la-ciencia\\\/#article\",\"isPartOf\":{\"@id\":\"https:\\\/\\\/www.anc.cr\\\/calendario-de-conferencias-mes-de-la-ciencia\\\/\"},\"author\":{\"name\":\"jarguedasc\",\"@id\":\"https:\\\/\\\/www.anc.cr\\\/#\\\/schema\\\/person\\\/7766bd50e439d728b840c06d98f7b30c\"},\"headline\":\"CALENDARIO DE CONFERENCIAS MES DE LA CIENCIA\",\"datePublished\":\"2024-09-04T19:30:23+00:00\",\"mainEntityOfPage\":{\"@id\":\"https:\\\/\\\/www.anc.cr\\\/calendario-de-conferencias-mes-de-la-ciencia\\\/\"},\"wordCount\":83,\"commentCount\":0,\"publisher\":{\"@id\":\"https:\\\/\\\/www.anc.cr\\\/#organization\"},\"image\":{\"@id\":\"https:\\\/\\\/www.anc.cr\\\/calendario-de-conferencias-mes-de-la-ciencia\\\/#primaryimage\"},\"thumbnailUrl\":\"https:\\\/\\\/www.anc.cr\\\/wp-content\\\/uploads\\\/2024\\\/09\\\/Calendario_Agosto_Mes_de_la_Ciencia.png\",\"articleSection\":[\"Noticias\"],\"inLanguage\":\"en-US\",\"potentialAction\":[{\"@type\":\"CommentAction\",\"name\":\"Comment\",\"target\":[\"https:\\\/\\\/www.anc.cr\\\/calendario-de-conferencias-mes-de-la-ciencia\\\/#respond\"]}]},{\"@type\":\"WebPage\",\"@id\":\"https:\\\/\\\/www.anc.cr\\\/calendario-de-conferencias-mes-de-la-ciencia\\\/\",\"url\":\"https:\\\/\\\/www.anc.cr\\\/calendario-de-conferencias-mes-de-la-ciencia\\\/\",\"name\":\"CALENDARIO DE CONFERENCIAS MES DE LA CIENCIA - ANC\",\"isPartOf\":{\"@id\":\"https:\\\/\\\/www.anc.cr\\\/#website\"},\"primaryImageOfPage\":{\"@id\":\"https:\\\/\\\/www.anc.cr\\\/calendario-de-conferencias-mes-de-la-ciencia\\\/#primaryimage\"},\"image\":{\"@id\":\"https:\\\/\\\/www.anc.cr\\\/calendario-de-conferencias-mes-de-la-ciencia\\\/#primaryimage\"},\"thumbnailUrl\":\"https:\\\/\\\/www.anc.cr\\\/wp-content\\\/uploads\\\/2024\\\/09\\\/Calendario_Agosto_Mes_de_la_Ciencia.png\",\"datePublished\":\"2024-09-04T19:30:23+00:00\",\"breadcrumb\":{\"@id\":\"https:\\\/\\\/www.anc.cr\\\/calendario-de-conferencias-mes-de-la-ciencia\\\/#breadcrumb\"},\"inLanguage\":\"en-US\",\"potentialAction\":[{\"@type\":\"ReadAction\",\"target\":[\"https:\\\/\\\/www.anc.cr\\\/calendario-de-conferencias-mes-de-la-ciencia\\\/\"]}]},{\"@type\":\"ImageObject\",\"inLanguage\":\"en-US\",\"@id\":\"https:\\\/\\\/www.anc.cr\\\/calendario-de-conferencias-mes-de-la-ciencia\\\/#primaryimage\",\"url\":\"https:\\\/\\\/www.anc.cr\\\/wp-content\\\/uploads\\\/2024\\\/09\\\/Calendario_Agosto_Mes_de_la_Ciencia.png\",\"contentUrl\":\"https:\\\/\\\/www.anc.cr\\\/wp-content\\\/uploads\\\/2024\\\/09\\\/Calendario_Agosto_Mes_de_la_Ciencia.png\",\"width\":1080,\"height\":1080},{\"@type\":\"BreadcrumbList\",\"@id\":\"https:\\\/\\\/www.anc.cr\\\/calendario-de-conferencias-mes-de-la-ciencia\\\/#breadcrumb\",\"itemListElement\":[{\"@type\":\"ListItem\",\"position\":1,\"name\":\"Portada\",\"item\":\"https:\\\/\\\/www.anc.cr\\\/\"},{\"@type\":\"ListItem\",\"position\":2,\"name\":\"CALENDARIO DE CONFERENCIAS MES DE LA CIENCIA\"}]},{\"@type\":\"WebSite\",\"@id\":\"https:\\\/\\\/www.anc.cr\\\/#website\",\"url\":\"https:\\\/\\\/www.anc.cr\\\/\",\"name\":\"ANC\",\"description\":\"Academia Nacional de Ciencias\",\"publisher\":{\"@id\":\"https:\\\/\\\/www.anc.cr\\\/#organization\"},\"potentialAction\":[{\"@type\":\"SearchAction\",\"target\":{\"@type\":\"EntryPoint\",\"urlTemplate\":\"https:\\\/\\\/www.anc.cr\\\/?s={search_term_string}\"},\"query-input\":{\"@type\":\"PropertyValueSpecification\",\"valueRequired\":true,\"valueName\":\"search_term_string\"}}],\"inLanguage\":\"en-US\"},{\"@type\":\"Organization\",\"@id\":\"https:\\\/\\\/www.anc.cr\\\/#organization\",\"name\":\"ANC\",\"url\":\"https:\\\/\\\/www.anc.cr\\\/\",\"logo\":{\"@type\":\"ImageObject\",\"inLanguage\":\"en-US\",\"@id\":\"https:\\\/\\\/www.anc.cr\\\/#\\\/schema\\\/logo\\\/image\\\/\",\"url\":\"https:\\\/\\\/www.anc.cr\\\/wp-content\\\/uploads\\\/2024\\\/07\\\/Logo-ANC-CR.png\",\"contentUrl\":\"https:\\\/\\\/www.anc.cr\\\/wp-content\\\/uploads\\\/2024\\\/07\\\/Logo-ANC-CR.png\",\"width\":1051,\"height\":593,\"caption\":\"ANC\"},\"image\":{\"@id\":\"https:\\\/\\\/www.anc.cr\\\/#\\\/schema\\\/logo\\\/image\\\/\"}},{\"@type\":\"Person\",\"@id\":\"https:\\\/\\\/www.anc.cr\\\/#\\\/schema\\\/person\\\/7766bd50e439d728b840c06d98f7b30c\",\"name\":\"jarguedasc\",\"image\":{\"@type\":\"ImageObject\",\"inLanguage\":\"en-US\",\"@id\":\"https:\\\/\\\/secure.gravatar.com\\\/avatar\\\/a31f956dbf8cf8534efedbd72d1775ec1dda66cb68632d84e544549eca557ce4?s=96&d=mm&r=g\",\"url\":\"https:\\\/\\\/secure.gravatar.com\\\/avatar\\\/a31f956dbf8cf8534efedbd72d1775ec1dda66cb68632d84e544549eca557ce4?s=96&d=mm&r=g\",\"contentUrl\":\"https:\\\/\\\/secure.gravatar.com\\\/avatar\\\/a31f956dbf8cf8534efedbd72d1775ec1dda66cb68632d84e544549eca557ce4?s=96&d=mm&r=g\",\"caption\":\"jarguedasc\"},\"sameAs\":[\"https:\\\/\\\/www.anc.cr\"],\"url\":\"https:\\\/\\\/www.anc.cr\\\/en\\\/author\\\/jarguedasc\\\/\"}]}<\/script>\n<!-- \/ Yoast SEO plugin. -->","yoast_head_json":{"title":"CALENDARIO DE CONFERENCIAS MES DE LA CIENCIA - ANC","robots":{"index":"index","follow":"follow","max-snippet":"max-snippet:-1","max-image-preview":"max-image-preview:large","max-video-preview":"max-video-preview:-1"},"canonical":"https:\/\/www.anc.cr\/en\/calendario-de-conferencias-mes-de-la-ciencia\/","og_locale":"en_US","og_type":"article","og_title":"CALENDARIO DE CONFERENCIAS MES DE LA CIENCIA - ANC","og_description":"Celebramos el Mes de la Ciencia con 4 conferencias Nuestra primera conferencia ser\u00e1: \u201cT\u00e9cnicas de Aprendizaje Autom\u00e1tico para el Diagn\u00f3stico de Rendimiento en Microprocesadores\u201d.Impartida por Erick CarvajalProfesor e investigador, Escuela de Ingenier\u00eda El\u00e9ctrica, UCR. D\u00eda: 7 de agostoHora: 3:00 P.M. ID del seminario web: 838 5955 8479Haga clic en el enlace a continuaci\u00f3n para unirse [&hellip;]","og_url":"https:\/\/www.anc.cr\/en\/calendario-de-conferencias-mes-de-la-ciencia\/","og_site_name":"ANC","article_published_time":"2024-09-04T19:30:23+00:00","og_image":[{"width":1080,"height":1080,"url":"https:\/\/www.anc.cr\/wp-content\/uploads\/2024\/09\/Calendario_Agosto_Mes_de_la_Ciencia.png","type":"image\/png"}],"author":"jarguedasc","twitter_card":"summary_large_image","twitter_misc":{"Written by":"jarguedasc"},"schema":{"@context":"https:\/\/schema.org","@graph":[{"@type":"Article","@id":"https:\/\/www.anc.cr\/calendario-de-conferencias-mes-de-la-ciencia\/#article","isPartOf":{"@id":"https:\/\/www.anc.cr\/calendario-de-conferencias-mes-de-la-ciencia\/"},"author":{"name":"jarguedasc","@id":"https:\/\/www.anc.cr\/#\/schema\/person\/7766bd50e439d728b840c06d98f7b30c"},"headline":"CALENDARIO DE CONFERENCIAS MES DE LA CIENCIA","datePublished":"2024-09-04T19:30:23+00:00","mainEntityOfPage":{"@id":"https:\/\/www.anc.cr\/calendario-de-conferencias-mes-de-la-ciencia\/"},"wordCount":83,"commentCount":0,"publisher":{"@id":"https:\/\/www.anc.cr\/#organization"},"image":{"@id":"https:\/\/www.anc.cr\/calendario-de-conferencias-mes-de-la-ciencia\/#primaryimage"},"thumbnailUrl":"https:\/\/www.anc.cr\/wp-content\/uploads\/2024\/09\/Calendario_Agosto_Mes_de_la_Ciencia.png","articleSection":["Noticias"],"inLanguage":"en-US","potentialAction":[{"@type":"CommentAction","name":"Comment","target":["https:\/\/www.anc.cr\/calendario-de-conferencias-mes-de-la-ciencia\/#respond"]}]},{"@type":"WebPage","@id":"https:\/\/www.anc.cr\/calendario-de-conferencias-mes-de-la-ciencia\/","url":"https:\/\/www.anc.cr\/calendario-de-conferencias-mes-de-la-ciencia\/","name":"CALENDARIO DE CONFERENCIAS MES DE LA CIENCIA - ANC","isPartOf":{"@id":"https:\/\/www.anc.cr\/#website"},"primaryImageOfPage":{"@id":"https:\/\/www.anc.cr\/calendario-de-conferencias-mes-de-la-ciencia\/#primaryimage"},"image":{"@id":"https:\/\/www.anc.cr\/calendario-de-conferencias-mes-de-la-ciencia\/#primaryimage"},"thumbnailUrl":"https:\/\/www.anc.cr\/wp-content\/uploads\/2024\/09\/Calendario_Agosto_Mes_de_la_Ciencia.png","datePublished":"2024-09-04T19:30:23+00:00","breadcrumb":{"@id":"https:\/\/www.anc.cr\/calendario-de-conferencias-mes-de-la-ciencia\/#breadcrumb"},"inLanguage":"en-US","potentialAction":[{"@type":"ReadAction","target":["https:\/\/www.anc.cr\/calendario-de-conferencias-mes-de-la-ciencia\/"]}]},{"@type":"ImageObject","inLanguage":"en-US","@id":"https:\/\/www.anc.cr\/calendario-de-conferencias-mes-de-la-ciencia\/#primaryimage","url":"https:\/\/www.anc.cr\/wp-content\/uploads\/2024\/09\/Calendario_Agosto_Mes_de_la_Ciencia.png","contentUrl":"https:\/\/www.anc.cr\/wp-content\/uploads\/2024\/09\/Calendario_Agosto_Mes_de_la_Ciencia.png","width":1080,"height":1080},{"@type":"BreadcrumbList","@id":"https:\/\/www.anc.cr\/calendario-de-conferencias-mes-de-la-ciencia\/#breadcrumb","itemListElement":[{"@type":"ListItem","position":1,"name":"Portada","item":"https:\/\/www.anc.cr\/"},{"@type":"ListItem","position":2,"name":"CALENDARIO DE CONFERENCIAS MES DE LA CIENCIA"}]},{"@type":"WebSite","@id":"https:\/\/www.anc.cr\/#website","url":"https:\/\/www.anc.cr\/","name":"ANC","description":"Academia Nacional de Ciencias","publisher":{"@id":"https:\/\/www.anc.cr\/#organization"},"potentialAction":[{"@type":"SearchAction","target":{"@type":"EntryPoint","urlTemplate":"https:\/\/www.anc.cr\/?s={search_term_string}"},"query-input":{"@type":"PropertyValueSpecification","valueRequired":true,"valueName":"search_term_string"}}],"inLanguage":"en-US"},{"@type":"Organization","@id":"https:\/\/www.anc.cr\/#organization","name":"ANC","url":"https:\/\/www.anc.cr\/","logo":{"@type":"ImageObject","inLanguage":"en-US","@id":"https:\/\/www.anc.cr\/#\/schema\/logo\/image\/","url":"https:\/\/www.anc.cr\/wp-content\/uploads\/2024\/07\/Logo-ANC-CR.png","contentUrl":"https:\/\/www.anc.cr\/wp-content\/uploads\/2024\/07\/Logo-ANC-CR.png","width":1051,"height":593,"caption":"ANC"},"image":{"@id":"https:\/\/www.anc.cr\/#\/schema\/logo\/image\/"}},{"@type":"Person","@id":"https:\/\/www.anc.cr\/#\/schema\/person\/7766bd50e439d728b840c06d98f7b30c","name":"jarguedasc","image":{"@type":"ImageObject","inLanguage":"en-US","@id":"https:\/\/secure.gravatar.com\/avatar\/a31f956dbf8cf8534efedbd72d1775ec1dda66cb68632d84e544549eca557ce4?s=96&d=mm&r=g","url":"https:\/\/secure.gravatar.com\/avatar\/a31f956dbf8cf8534efedbd72d1775ec1dda66cb68632d84e544549eca557ce4?s=96&d=mm&r=g","contentUrl":"https:\/\/secure.gravatar.com\/avatar\/a31f956dbf8cf8534efedbd72d1775ec1dda66cb68632d84e544549eca557ce4?s=96&d=mm&r=g","caption":"jarguedasc"},"sameAs":["https:\/\/www.anc.cr"],"url":"https:\/\/www.anc.cr\/en\/author\/jarguedasc\/"}]}},"_links":{"self":[{"href":"https:\/\/www.anc.cr\/en\/wp-json\/wp\/v2\/posts\/1647","targetHints":{"allow":["GET"]}}],"collection":[{"href":"https:\/\/www.anc.cr\/en\/wp-json\/wp\/v2\/posts"}],"about":[{"href":"https:\/\/www.anc.cr\/en\/wp-json\/wp\/v2\/types\/post"}],"author":[{"embeddable":true,"href":"https:\/\/www.anc.cr\/en\/wp-json\/wp\/v2\/users\/1"}],"replies":[{"embeddable":true,"href":"https:\/\/www.anc.cr\/en\/wp-json\/wp\/v2\/comments?post=1647"}],"version-history":[{"count":1,"href":"https:\/\/www.anc.cr\/en\/wp-json\/wp\/v2\/posts\/1647\/revisions"}],"predecessor-version":[{"id":1649,"href":"https:\/\/www.anc.cr\/en\/wp-json\/wp\/v2\/posts\/1647\/revisions\/1649"}],"wp:featuredmedia":[{"embeddable":true,"href":"https:\/\/www.anc.cr\/en\/wp-json\/wp\/v2\/media\/1648"}],"wp:attachment":[{"href":"https:\/\/www.anc.cr\/en\/wp-json\/wp\/v2\/media?parent=1647"}],"wp:term":[{"taxonomy":"category","embeddable":true,"href":"https:\/\/www.anc.cr\/en\/wp-json\/wp\/v2\/categories?post=1647"},{"taxonomy":"post_tag","embeddable":true,"href":"https:\/\/www.anc.cr\/en\/wp-json\/wp\/v2\/tags?post=1647"}],"curies":[{"name":"wp","href":"https:\/\/api.w.org\/{rel}","templated":true}]}}