{"id":163,"date":"2024-05-15T20:59:09","date_gmt":"2024-05-16T02:59:09","guid":{"rendered":"http:\/\/anc.local\/?p=163"},"modified":"2024-05-15T20:59:10","modified_gmt":"2024-05-16T02:59:10","slug":"la-academia-nacional-de-ciencias-celebra-la-semana-de-la-mujer-en-la-ciencia-y-la-tecnologia","status":"publish","type":"post","link":"https:\/\/www.anc.cr\/en\/la-academia-nacional-de-ciencias-celebra-la-semana-de-la-mujer-en-la-ciencia-y-la-tecnologia\/","title":{"rendered":"La Academia Nacional de Ciencias celebra la Semana de la Mujer en la Ciencia y la Tecnolog\u00eda"},"content":{"rendered":"<p>En el marco del D\u00eda Internacional de la Mujer se llev\u00f3 a cabo la \u201cSemana de la Mujer en la Ciencia y la Tecnolog\u00eda\u201d los d\u00edas 7, 8 y 9 de marzo en la Ciudad de la Investigaci\u00f3n de la Universidad de Costa Rica (UCR) con el apoyo de la Academia Nacional de Ciencias.<\/p>\n\n\n\n<p>Talleres, conferencias, conversatorios y visitas guiadas a laboratorios formaron parte de la Semana de la Mujer. Las actividades fueron dirigidas principalmente a estudiantes de quinto a\u00f1o con el objetivo de inculcarles el amor por la ciencia y motivarlas al estudio de una carrera en las ramas de la ciencia y tecnolog\u00eda.<\/p>\n\n\n\n<p>Actualmente, las mujeres representan s\u00f3lo un tercio de las personas que trabajan en ciencia, tecnolog\u00eda, ingenier\u00eda y matem\u00e1ticas, adem\u00e1s la sociedad no reconoce el potencial, el talento y la creatividad de las mujeres. La lucha para lograr la equidad y la igualdad se debe de inculcar en todas las personas en especial los j\u00f3venes, quienes son el futuro de la sociedad.<\/p>\n\n\n\n<p>Dentro de la Semana de la Mujer las estudiantes tuvieron la oportunidad de visitar los laboratorios de Ingenier\u00eda El\u00e9ctrica de la UCR Pris-Lab, ARCOS-Lab e IPCV-Lab&nbsp; y a proyectos del Laboratorio Nacional de Materiales y Modelos Estructurales (Lanamme). Adem\u00e1s de asistri a talleres donde experimentaron de cerca vivencias cient\u00edficas como las reacciones qu\u00edmicas y la nanotecnolog\u00eda.<\/p>\n\n\n\n<p><strong>\u201c Las actividades me han parecido s\u00faper valiosas ya que al estar en 5\u00b0a\u00f1o del Colegio resulta a\u00fan m\u00e1s interesantes al conocer carreras que sean una buena opci\u00f3n para estudiar y si no fuera por dichas actividades no sabr\u00eda de ellas\u201d <\/strong><em>Megan Fonseca del Colegio Se\u00f1oritas.<\/em><\/p>\n\n\n\n<p>En las actividades participaron grandes cient\u00edficas costarricenses, la Dra. Giselle Tamayo, miembro de la Academia Nacional de Ciencias, quien es Qu\u00edmica, docente e investigadora de la Universidad de Costa Rica, la Dra. Tatiana Trejos, miembro de nuestro Programa Ticotal, investigadora del Departamento de Investigaci\u00f3n en Ciencias Forenses de la Universidad West Virginia en Estados Unidos de Am\u00e9rica (EEUU), quien es una de las diez mejores profesoras de la rama forense en ese pa\u00eds y Premio Clodomiro Picado Twight 2014 y la Dra. Melania Guerra quien tambi\u00e9n es miembro de nuestro Programa Ticotal, investigadora de oceanograf\u00eda, Universidad de San Diego, California.<\/p>\n\n\n\n<p>En la conferencia &#8220;La participaci\u00f3n de la Mujer en el Sistema Nacional de Ciencia y Tecnolog\u00eda\u201d, la Dra. Tamayo destac\u00f3 la importancia de estudiar una carrera en las \u00e1reas de Ciencias, Tecnolog\u00eda, Ingenier\u00eda y Matem\u00e1ticas (STEM) ya que son clave para el desarrollo del pa\u00eds y la necesidad de que haya m\u00e1s mujeres en las \u00e1reas de STEM. Costa Rica necesita hombres y mujeres profesionales y que nuestro pa\u00eds reconozca el potencial, el talento y la creatividad de las mujeres en dichas \u00e1reas.<\/p>\n\n\n\n<p>La Dra. Tamayo termin\u00f3 su conferencia exponiendo sobre 5 mujeres poderosas de la ciencia a nivel mundial donde su amor y pasi\u00f3n por la ciencia no se ha limitado \u00fanicamente a la investigaci\u00f3n y a los experimentos, sino que las ha llevado a posiciones de liderazgo y de toma de decisiones, entre ellas destaca a la costarricense Christiana Figueres quien fue catalogada como &#8220;La mujer que podr\u00eda detener el cambio clim\u00e1tico&#8221;.<\/p>\n\n\n\n<p>La semana de la Mujer en la Ciencia y la Tecnolog\u00eda fue de gran importancia para inculcar en los j\u00f3venes el deseo de superaci\u00f3n y desarrollo profesional y personal. As\u00ed como tambi\u00e9n para recordar el importante papel de la mujer en la sociedad y la necesidad creciente de contar con mujeres l\u00edderes, mujeres cient\u00edficas para avanzar en el desarrollo cient\u00edfico y tecnol\u00f3gico.&nbsp;&nbsp;&nbsp;<\/p>\n\n\n\n<p>Estas actividades fueron posibles gracias al esfuerzo interinstitucional de la Universidad de Costa Rica, la Academia Nacional de Ciencias, el Laboratorio Nacional de Nanotecnolog\u00eda, el Ministerio de Ciencia, Tecnolog\u00eda y Telecomunicaciones y la CFIA Comisi\u00f3n de G\u00e9nero.<\/p>","protected":false},"excerpt":{"rendered":"<p>En el marco del D\u00eda Internacional de la Mujer se llev\u00f3 a cabo la \u201cSemana de la Mujer en la Ciencia y la Tecnolog\u00eda\u201d los d\u00edas 7, 8 y 9 de marzo en la Ciudad de la Investigaci\u00f3n de la Universidad de Costa Rica (UCR) con el apoyo de la Academia Nacional de Ciencias. Talleres, [&hellip;]<\/p>\n","protected":false},"author":1,"featured_media":164,"comment_status":"open","ping_status":"open","sticky":false,"template":"","format":"standard","meta":{"footnotes":""},"categories":[7],"tags":[],"class_list":["post-163","post","type-post","status-publish","format-standard","has-post-thumbnail","hentry","category-noticias"],"yoast_head":"<!-- This site is optimized with the Yoast SEO plugin v27.3 - https:\/\/yoast.com\/product\/yoast-seo-wordpress\/ -->\n<title>La Academia Nacional de Ciencias celebra la Semana de la Mujer en la Ciencia y la Tecnolog\u00eda - ANC<\/title>\n<meta name=\"robots\" content=\"index, follow, max-snippet:-1, max-image-preview:large, max-video-preview:-1\" \/>\n<link rel=\"canonical\" href=\"https:\/\/www.anc.cr\/en\/la-academia-nacional-de-ciencias-celebra-la-semana-de-la-mujer-en-la-ciencia-y-la-tecnologia\/\" \/>\n<meta property=\"og:locale\" content=\"en_US\" \/>\n<meta property=\"og:type\" content=\"article\" \/>\n<meta property=\"og:title\" content=\"La Academia Nacional de Ciencias celebra la Semana de la Mujer en la Ciencia y la Tecnolog\u00eda - ANC\" \/>\n<meta property=\"og:description\" content=\"En el marco del D\u00eda Internacional de la Mujer se llev\u00f3 a cabo la \u201cSemana de la Mujer en la Ciencia y la Tecnolog\u00eda\u201d los d\u00edas 7, 8 y 9 de marzo en la Ciudad de la Investigaci\u00f3n de la Universidad de Costa Rica (UCR) con el apoyo de la Academia Nacional de Ciencias. Talleres, [&hellip;]\" \/>\n<meta property=\"og:url\" content=\"https:\/\/www.anc.cr\/en\/la-academia-nacional-de-ciencias-celebra-la-semana-de-la-mujer-en-la-ciencia-y-la-tecnologia\/\" \/>\n<meta property=\"og:site_name\" content=\"ANC\" \/>\n<meta property=\"article:published_time\" content=\"2024-05-16T02:59:09+00:00\" \/>\n<meta property=\"article:modified_time\" content=\"2024-05-16T02:59:10+00:00\" \/>\n<meta property=\"og:image\" content=\"https:\/\/www.anc.cr\/wp-content\/uploads\/2024\/05\/GTSM.jpg\" \/>\n\t<meta property=\"og:image:width\" content=\"960\" \/>\n\t<meta property=\"og:image:height\" content=\"640\" \/>\n\t<meta property=\"og:image:type\" content=\"image\/jpeg\" \/>\n<meta name=\"author\" content=\"jarguedasc\" \/>\n<meta name=\"twitter:card\" content=\"summary_large_image\" \/>\n<meta name=\"twitter:label1\" content=\"Written by\" \/>\n\t<meta name=\"twitter:data1\" content=\"jarguedasc\" \/>\n\t<meta name=\"twitter:label2\" content=\"Est. reading time\" \/>\n\t<meta name=\"twitter:data2\" content=\"3 minutes\" \/>\n<script type=\"application\/ld+json\" class=\"yoast-schema-graph\">{\"@context\":\"https:\\\/\\\/schema.org\",\"@graph\":[{\"@type\":\"Article\",\"@id\":\"https:\\\/\\\/www.anc.cr\\\/la-academia-nacional-de-ciencias-celebra-la-semana-de-la-mujer-en-la-ciencia-y-la-tecnologia\\\/#article\",\"isPartOf\":{\"@id\":\"https:\\\/\\\/www.anc.cr\\\/la-academia-nacional-de-ciencias-celebra-la-semana-de-la-mujer-en-la-ciencia-y-la-tecnologia\\\/\"},\"author\":{\"name\":\"jarguedasc\",\"@id\":\"https:\\\/\\\/www.anc.cr\\\/#\\\/schema\\\/person\\\/7766bd50e439d728b840c06d98f7b30c\"},\"headline\":\"La Academia Nacional de Ciencias celebra la Semana de la Mujer en la Ciencia y la Tecnolog\u00eda\",\"datePublished\":\"2024-05-16T02:59:09+00:00\",\"dateModified\":\"2024-05-16T02:59:10+00:00\",\"mainEntityOfPage\":{\"@id\":\"https:\\\/\\\/www.anc.cr\\\/la-academia-nacional-de-ciencias-celebra-la-semana-de-la-mujer-en-la-ciencia-y-la-tecnologia\\\/\"},\"wordCount\":693,\"commentCount\":0,\"publisher\":{\"@id\":\"https:\\\/\\\/www.anc.cr\\\/#organization\"},\"image\":{\"@id\":\"https:\\\/\\\/www.anc.cr\\\/la-academia-nacional-de-ciencias-celebra-la-semana-de-la-mujer-en-la-ciencia-y-la-tecnologia\\\/#primaryimage\"},\"thumbnailUrl\":\"https:\\\/\\\/www.anc.cr\\\/wp-content\\\/uploads\\\/2024\\\/05\\\/GTSM.jpg\",\"articleSection\":[\"Noticias\"],\"inLanguage\":\"en-US\",\"potentialAction\":[{\"@type\":\"CommentAction\",\"name\":\"Comment\",\"target\":[\"https:\\\/\\\/www.anc.cr\\\/la-academia-nacional-de-ciencias-celebra-la-semana-de-la-mujer-en-la-ciencia-y-la-tecnologia\\\/#respond\"]}]},{\"@type\":\"WebPage\",\"@id\":\"https:\\\/\\\/www.anc.cr\\\/la-academia-nacional-de-ciencias-celebra-la-semana-de-la-mujer-en-la-ciencia-y-la-tecnologia\\\/\",\"url\":\"https:\\\/\\\/www.anc.cr\\\/la-academia-nacional-de-ciencias-celebra-la-semana-de-la-mujer-en-la-ciencia-y-la-tecnologia\\\/\",\"name\":\"La Academia Nacional de Ciencias celebra la Semana de la Mujer en la Ciencia y la Tecnolog\u00eda - ANC\",\"isPartOf\":{\"@id\":\"https:\\\/\\\/www.anc.cr\\\/#website\"},\"primaryImageOfPage\":{\"@id\":\"https:\\\/\\\/www.anc.cr\\\/la-academia-nacional-de-ciencias-celebra-la-semana-de-la-mujer-en-la-ciencia-y-la-tecnologia\\\/#primaryimage\"},\"image\":{\"@id\":\"https:\\\/\\\/www.anc.cr\\\/la-academia-nacional-de-ciencias-celebra-la-semana-de-la-mujer-en-la-ciencia-y-la-tecnologia\\\/#primaryimage\"},\"thumbnailUrl\":\"https:\\\/\\\/www.anc.cr\\\/wp-content\\\/uploads\\\/2024\\\/05\\\/GTSM.jpg\",\"datePublished\":\"2024-05-16T02:59:09+00:00\",\"dateModified\":\"2024-05-16T02:59:10+00:00\",\"breadcrumb\":{\"@id\":\"https:\\\/\\\/www.anc.cr\\\/la-academia-nacional-de-ciencias-celebra-la-semana-de-la-mujer-en-la-ciencia-y-la-tecnologia\\\/#breadcrumb\"},\"inLanguage\":\"en-US\",\"potentialAction\":[{\"@type\":\"ReadAction\",\"target\":[\"https:\\\/\\\/www.anc.cr\\\/la-academia-nacional-de-ciencias-celebra-la-semana-de-la-mujer-en-la-ciencia-y-la-tecnologia\\\/\"]}]},{\"@type\":\"ImageObject\",\"inLanguage\":\"en-US\",\"@id\":\"https:\\\/\\\/www.anc.cr\\\/la-academia-nacional-de-ciencias-celebra-la-semana-de-la-mujer-en-la-ciencia-y-la-tecnologia\\\/#primaryimage\",\"url\":\"https:\\\/\\\/www.anc.cr\\\/wp-content\\\/uploads\\\/2024\\\/05\\\/GTSM.jpg\",\"contentUrl\":\"https:\\\/\\\/www.anc.cr\\\/wp-content\\\/uploads\\\/2024\\\/05\\\/GTSM.jpg\",\"width\":960,\"height\":640},{\"@type\":\"BreadcrumbList\",\"@id\":\"https:\\\/\\\/www.anc.cr\\\/la-academia-nacional-de-ciencias-celebra-la-semana-de-la-mujer-en-la-ciencia-y-la-tecnologia\\\/#breadcrumb\",\"itemListElement\":[{\"@type\":\"ListItem\",\"position\":1,\"name\":\"Portada\",\"item\":\"https:\\\/\\\/www.anc.cr\\\/\"},{\"@type\":\"ListItem\",\"position\":2,\"name\":\"La Academia Nacional de Ciencias celebra la Semana de la Mujer en la Ciencia y la Tecnolog\u00eda\"}]},{\"@type\":\"WebSite\",\"@id\":\"https:\\\/\\\/www.anc.cr\\\/#website\",\"url\":\"https:\\\/\\\/www.anc.cr\\\/\",\"name\":\"ANC\",\"description\":\"Academia Nacional de Ciencias\",\"publisher\":{\"@id\":\"https:\\\/\\\/www.anc.cr\\\/#organization\"},\"potentialAction\":[{\"@type\":\"SearchAction\",\"target\":{\"@type\":\"EntryPoint\",\"urlTemplate\":\"https:\\\/\\\/www.anc.cr\\\/?s={search_term_string}\"},\"query-input\":{\"@type\":\"PropertyValueSpecification\",\"valueRequired\":true,\"valueName\":\"search_term_string\"}}],\"inLanguage\":\"en-US\"},{\"@type\":\"Organization\",\"@id\":\"https:\\\/\\\/www.anc.cr\\\/#organization\",\"name\":\"ANC\",\"url\":\"https:\\\/\\\/www.anc.cr\\\/\",\"logo\":{\"@type\":\"ImageObject\",\"inLanguage\":\"en-US\",\"@id\":\"https:\\\/\\\/www.anc.cr\\\/#\\\/schema\\\/logo\\\/image\\\/\",\"url\":\"https:\\\/\\\/www.anc.cr\\\/wp-content\\\/uploads\\\/2024\\\/07\\\/Logo-ANC-CR.png\",\"contentUrl\":\"https:\\\/\\\/www.anc.cr\\\/wp-content\\\/uploads\\\/2024\\\/07\\\/Logo-ANC-CR.png\",\"width\":1051,\"height\":593,\"caption\":\"ANC\"},\"image\":{\"@id\":\"https:\\\/\\\/www.anc.cr\\\/#\\\/schema\\\/logo\\\/image\\\/\"}},{\"@type\":\"Person\",\"@id\":\"https:\\\/\\\/www.anc.cr\\\/#\\\/schema\\\/person\\\/7766bd50e439d728b840c06d98f7b30c\",\"name\":\"jarguedasc\",\"image\":{\"@type\":\"ImageObject\",\"inLanguage\":\"en-US\",\"@id\":\"https:\\\/\\\/secure.gravatar.com\\\/avatar\\\/a31f956dbf8cf8534efedbd72d1775ec1dda66cb68632d84e544549eca557ce4?s=96&d=mm&r=g\",\"url\":\"https:\\\/\\\/secure.gravatar.com\\\/avatar\\\/a31f956dbf8cf8534efedbd72d1775ec1dda66cb68632d84e544549eca557ce4?s=96&d=mm&r=g\",\"contentUrl\":\"https:\\\/\\\/secure.gravatar.com\\\/avatar\\\/a31f956dbf8cf8534efedbd72d1775ec1dda66cb68632d84e544549eca557ce4?s=96&d=mm&r=g\",\"caption\":\"jarguedasc\"},\"sameAs\":[\"https:\\\/\\\/www.anc.cr\"],\"url\":\"https:\\\/\\\/www.anc.cr\\\/en\\\/author\\\/jarguedasc\\\/\"}]}<\/script>\n<!-- \/ Yoast SEO plugin. -->","yoast_head_json":{"title":"La Academia Nacional de Ciencias celebra la Semana de la Mujer en la Ciencia y la Tecnolog\u00eda - ANC","robots":{"index":"index","follow":"follow","max-snippet":"max-snippet:-1","max-image-preview":"max-image-preview:large","max-video-preview":"max-video-preview:-1"},"canonical":"https:\/\/www.anc.cr\/en\/la-academia-nacional-de-ciencias-celebra-la-semana-de-la-mujer-en-la-ciencia-y-la-tecnologia\/","og_locale":"en_US","og_type":"article","og_title":"La Academia Nacional de Ciencias celebra la Semana de la Mujer en la Ciencia y la Tecnolog\u00eda - ANC","og_description":"En el marco del D\u00eda Internacional de la Mujer se llev\u00f3 a cabo la \u201cSemana de la Mujer en la Ciencia y la Tecnolog\u00eda\u201d los d\u00edas 7, 8 y 9 de marzo en la Ciudad de la Investigaci\u00f3n de la Universidad de Costa Rica (UCR) con el apoyo de la Academia Nacional de Ciencias. Talleres, [&hellip;]","og_url":"https:\/\/www.anc.cr\/en\/la-academia-nacional-de-ciencias-celebra-la-semana-de-la-mujer-en-la-ciencia-y-la-tecnologia\/","og_site_name":"ANC","article_published_time":"2024-05-16T02:59:09+00:00","article_modified_time":"2024-05-16T02:59:10+00:00","og_image":[{"width":960,"height":640,"url":"https:\/\/www.anc.cr\/wp-content\/uploads\/2024\/05\/GTSM.jpg","type":"image\/jpeg"}],"author":"jarguedasc","twitter_card":"summary_large_image","twitter_misc":{"Written by":"jarguedasc","Est. reading time":"3 minutes"},"schema":{"@context":"https:\/\/schema.org","@graph":[{"@type":"Article","@id":"https:\/\/www.anc.cr\/la-academia-nacional-de-ciencias-celebra-la-semana-de-la-mujer-en-la-ciencia-y-la-tecnologia\/#article","isPartOf":{"@id":"https:\/\/www.anc.cr\/la-academia-nacional-de-ciencias-celebra-la-semana-de-la-mujer-en-la-ciencia-y-la-tecnologia\/"},"author":{"name":"jarguedasc","@id":"https:\/\/www.anc.cr\/#\/schema\/person\/7766bd50e439d728b840c06d98f7b30c"},"headline":"La Academia Nacional de Ciencias celebra la Semana de la Mujer en la Ciencia y la Tecnolog\u00eda","datePublished":"2024-05-16T02:59:09+00:00","dateModified":"2024-05-16T02:59:10+00:00","mainEntityOfPage":{"@id":"https:\/\/www.anc.cr\/la-academia-nacional-de-ciencias-celebra-la-semana-de-la-mujer-en-la-ciencia-y-la-tecnologia\/"},"wordCount":693,"commentCount":0,"publisher":{"@id":"https:\/\/www.anc.cr\/#organization"},"image":{"@id":"https:\/\/www.anc.cr\/la-academia-nacional-de-ciencias-celebra-la-semana-de-la-mujer-en-la-ciencia-y-la-tecnologia\/#primaryimage"},"thumbnailUrl":"https:\/\/www.anc.cr\/wp-content\/uploads\/2024\/05\/GTSM.jpg","articleSection":["Noticias"],"inLanguage":"en-US","potentialAction":[{"@type":"CommentAction","name":"Comment","target":["https:\/\/www.anc.cr\/la-academia-nacional-de-ciencias-celebra-la-semana-de-la-mujer-en-la-ciencia-y-la-tecnologia\/#respond"]}]},{"@type":"WebPage","@id":"https:\/\/www.anc.cr\/la-academia-nacional-de-ciencias-celebra-la-semana-de-la-mujer-en-la-ciencia-y-la-tecnologia\/","url":"https:\/\/www.anc.cr\/la-academia-nacional-de-ciencias-celebra-la-semana-de-la-mujer-en-la-ciencia-y-la-tecnologia\/","name":"La Academia Nacional de Ciencias celebra la Semana de la Mujer en la Ciencia y la Tecnolog\u00eda - ANC","isPartOf":{"@id":"https:\/\/www.anc.cr\/#website"},"primaryImageOfPage":{"@id":"https:\/\/www.anc.cr\/la-academia-nacional-de-ciencias-celebra-la-semana-de-la-mujer-en-la-ciencia-y-la-tecnologia\/#primaryimage"},"image":{"@id":"https:\/\/www.anc.cr\/la-academia-nacional-de-ciencias-celebra-la-semana-de-la-mujer-en-la-ciencia-y-la-tecnologia\/#primaryimage"},"thumbnailUrl":"https:\/\/www.anc.cr\/wp-content\/uploads\/2024\/05\/GTSM.jpg","datePublished":"2024-05-16T02:59:09+00:00","dateModified":"2024-05-16T02:59:10+00:00","breadcrumb":{"@id":"https:\/\/www.anc.cr\/la-academia-nacional-de-ciencias-celebra-la-semana-de-la-mujer-en-la-ciencia-y-la-tecnologia\/#breadcrumb"},"inLanguage":"en-US","potentialAction":[{"@type":"ReadAction","target":["https:\/\/www.anc.cr\/la-academia-nacional-de-ciencias-celebra-la-semana-de-la-mujer-en-la-ciencia-y-la-tecnologia\/"]}]},{"@type":"ImageObject","inLanguage":"en-US","@id":"https:\/\/www.anc.cr\/la-academia-nacional-de-ciencias-celebra-la-semana-de-la-mujer-en-la-ciencia-y-la-tecnologia\/#primaryimage","url":"https:\/\/www.anc.cr\/wp-content\/uploads\/2024\/05\/GTSM.jpg","contentUrl":"https:\/\/www.anc.cr\/wp-content\/uploads\/2024\/05\/GTSM.jpg","width":960,"height":640},{"@type":"BreadcrumbList","@id":"https:\/\/www.anc.cr\/la-academia-nacional-de-ciencias-celebra-la-semana-de-la-mujer-en-la-ciencia-y-la-tecnologia\/#breadcrumb","itemListElement":[{"@type":"ListItem","position":1,"name":"Portada","item":"https:\/\/www.anc.cr\/"},{"@type":"ListItem","position":2,"name":"La Academia Nacional de Ciencias celebra la Semana de la Mujer en la Ciencia y la Tecnolog\u00eda"}]},{"@type":"WebSite","@id":"https:\/\/www.anc.cr\/#website","url":"https:\/\/www.anc.cr\/","name":"ANC","description":"Academia Nacional de Ciencias","publisher":{"@id":"https:\/\/www.anc.cr\/#organization"},"potentialAction":[{"@type":"SearchAction","target":{"@type":"EntryPoint","urlTemplate":"https:\/\/www.anc.cr\/?s={search_term_string}"},"query-input":{"@type":"PropertyValueSpecification","valueRequired":true,"valueName":"search_term_string"}}],"inLanguage":"en-US"},{"@type":"Organization","@id":"https:\/\/www.anc.cr\/#organization","name":"ANC","url":"https:\/\/www.anc.cr\/","logo":{"@type":"ImageObject","inLanguage":"en-US","@id":"https:\/\/www.anc.cr\/#\/schema\/logo\/image\/","url":"https:\/\/www.anc.cr\/wp-content\/uploads\/2024\/07\/Logo-ANC-CR.png","contentUrl":"https:\/\/www.anc.cr\/wp-content\/uploads\/2024\/07\/Logo-ANC-CR.png","width":1051,"height":593,"caption":"ANC"},"image":{"@id":"https:\/\/www.anc.cr\/#\/schema\/logo\/image\/"}},{"@type":"Person","@id":"https:\/\/www.anc.cr\/#\/schema\/person\/7766bd50e439d728b840c06d98f7b30c","name":"jarguedasc","image":{"@type":"ImageObject","inLanguage":"en-US","@id":"https:\/\/secure.gravatar.com\/avatar\/a31f956dbf8cf8534efedbd72d1775ec1dda66cb68632d84e544549eca557ce4?s=96&d=mm&r=g","url":"https:\/\/secure.gravatar.com\/avatar\/a31f956dbf8cf8534efedbd72d1775ec1dda66cb68632d84e544549eca557ce4?s=96&d=mm&r=g","contentUrl":"https:\/\/secure.gravatar.com\/avatar\/a31f956dbf8cf8534efedbd72d1775ec1dda66cb68632d84e544549eca557ce4?s=96&d=mm&r=g","caption":"jarguedasc"},"sameAs":["https:\/\/www.anc.cr"],"url":"https:\/\/www.anc.cr\/en\/author\/jarguedasc\/"}]}},"_links":{"self":[{"href":"https:\/\/www.anc.cr\/en\/wp-json\/wp\/v2\/posts\/163","targetHints":{"allow":["GET"]}}],"collection":[{"href":"https:\/\/www.anc.cr\/en\/wp-json\/wp\/v2\/posts"}],"about":[{"href":"https:\/\/www.anc.cr\/en\/wp-json\/wp\/v2\/types\/post"}],"author":[{"embeddable":true,"href":"https:\/\/www.anc.cr\/en\/wp-json\/wp\/v2\/users\/1"}],"replies":[{"embeddable":true,"href":"https:\/\/www.anc.cr\/en\/wp-json\/wp\/v2\/comments?post=163"}],"version-history":[{"count":1,"href":"https:\/\/www.anc.cr\/en\/wp-json\/wp\/v2\/posts\/163\/revisions"}],"predecessor-version":[{"id":165,"href":"https:\/\/www.anc.cr\/en\/wp-json\/wp\/v2\/posts\/163\/revisions\/165"}],"wp:featuredmedia":[{"embeddable":true,"href":"https:\/\/www.anc.cr\/en\/wp-json\/wp\/v2\/media\/164"}],"wp:attachment":[{"href":"https:\/\/www.anc.cr\/en\/wp-json\/wp\/v2\/media?parent=163"}],"wp:term":[{"taxonomy":"category","embeddable":true,"href":"https:\/\/www.anc.cr\/en\/wp-json\/wp\/v2\/categories?post=163"},{"taxonomy":"post_tag","embeddable":true,"href":"https:\/\/www.anc.cr\/en\/wp-json\/wp\/v2\/tags?post=163"}],"curies":[{"name":"wp","href":"https:\/\/api.w.org\/{rel}","templated":true}]}}