{"id":1583,"date":"2020-04-14T12:00:00","date_gmt":"2020-04-14T18:00:00","guid":{"rendered":"https:\/\/juandiegoa7.sg-host.com\/?p=1583"},"modified":"2024-09-04T22:07:45","modified_gmt":"2024-09-05T04:07:45","slug":"comunicado-de-la-anc-con-respecto-al-uso-de-las-mascarillas","status":"publish","type":"post","link":"https:\/\/www.anc.cr\/en\/comunicado-de-la-anc-con-respecto-al-uso-de-las-mascarillas\/","title":{"rendered":"Comunicado de la ANC con respecto al uso de las mascarillas"},"content":{"rendered":"<p>Dado que parte de la poblaci\u00f3n de Costa Rica ha mostrado reticencia al confinamiento y \u00e9ste no le es posible a ciertas personas por \u00edndoles varias, la Academia Nacional de Ciencias sugiere a las autoridades sanitarias recomendar el uso generalizado de mascarillas industriales o artesanales a todo aquel que circule en espacios p\u00fablicos tanto abiertos como cerrados.<\/p>\n\n\n\n<p>Lo anterior se basa en la evidencia de que un gran n\u00famero de personas infectadas pueden no presentar s\u00edntomas, no obstante, son igualmente contagiantes. En pa\u00edses&nbsp;asi\u00e1ticos, el estado de California o la Rep\u00fablica Checa donde se ha adoptado vigorosamente y desde etapas tempranas el uso de mascarillas, la pandemia ha sido menos insidiosa y mortal. Los Centros de Control y Prevenci\u00f3n de Enfermedades de los EEUU y de la Uni\u00f3n Europea (CDC y ECDC) recientemente cambiaron sus lineamientos y ahora recomiendan el uso de mascarillas de tela u otros materiales en todo lugar p\u00fablico. Modelos matem\u00e1ticos indican que el uso de las mismas puede reducir el n\u00famero de muertes significativamente (Eje: art\u00edculo \u201cNo sea ego\u00edsta, use mascarilla\u201d de Luis Rosero Bixby, La Naci\u00f3n, 8 de abril de 2020).<\/p>\n\n\n\n<p>La Academia Nacional de Ciencias de Costa Rica reitera su total apoyo a nuestras autoridades sanitarias y las medidas adoptadas para proteger a la poblaci\u00f3n de la pandemia de Covid-19.<\/p>","protected":false},"excerpt":{"rendered":"<p>Dado que parte de la poblaci\u00f3n de Costa Rica ha mostrado reticencia al confinamiento y \u00e9ste no le es posible a ciertas personas por \u00edndoles varias, la Academia Nacional de Ciencias sugiere a las autoridades sanitarias recomendar el uso generalizado de mascarillas industriales o artesanales a todo aquel que circule en espacios p\u00fablicos tanto abiertos [&hellip;]<\/p>\n","protected":false},"author":1,"featured_media":1584,"comment_status":"open","ping_status":"open","sticky":false,"template":"","format":"standard","meta":{"footnotes":""},"categories":[16],"tags":[],"class_list":["post-1583","post","type-post","status-publish","format-standard","has-post-thumbnail","hentry","category-proyectos-de-ley-y-comunicados"],"yoast_head":"<!-- This site is optimized with the Yoast SEO plugin v27.3 - https:\/\/yoast.com\/product\/yoast-seo-wordpress\/ -->\n<title>Comunicado de la ANC con respecto al uso de las mascarillas - ANC<\/title>\n<meta name=\"robots\" content=\"index, follow, max-snippet:-1, max-image-preview:large, max-video-preview:-1\" \/>\n<link rel=\"canonical\" href=\"https:\/\/www.anc.cr\/en\/comunicado-de-la-anc-con-respecto-al-uso-de-las-mascarillas\/\" \/>\n<meta property=\"og:locale\" content=\"en_US\" \/>\n<meta property=\"og:type\" content=\"article\" \/>\n<meta property=\"og:title\" content=\"Comunicado de la ANC con respecto al uso de las mascarillas - ANC\" \/>\n<meta property=\"og:description\" content=\"Dado que parte de la poblaci\u00f3n de Costa Rica ha mostrado reticencia al confinamiento y \u00e9ste no le es posible a ciertas personas por \u00edndoles varias, la Academia Nacional de Ciencias sugiere a las autoridades sanitarias recomendar el uso generalizado de mascarillas industriales o artesanales a todo aquel que circule en espacios p\u00fablicos tanto abiertos [&hellip;]\" \/>\n<meta property=\"og:url\" content=\"https:\/\/www.anc.cr\/en\/comunicado-de-la-anc-con-respecto-al-uso-de-las-mascarillas\/\" \/>\n<meta property=\"og:site_name\" content=\"ANC\" \/>\n<meta property=\"article:published_time\" content=\"2020-04-14T18:00:00+00:00\" \/>\n<meta property=\"article:modified_time\" content=\"2024-09-05T04:07:45+00:00\" \/>\n<meta property=\"og:image\" content=\"https:\/\/www.anc.cr\/wp-content\/uploads\/2024\/08\/Comunicado_ANC-Uso_de_mascarillas.jpeg\" \/>\n\t<meta property=\"og:image:width\" content=\"636\" \/>\n\t<meta property=\"og:image:height\" content=\"883\" \/>\n\t<meta property=\"og:image:type\" content=\"image\/jpeg\" \/>\n<meta name=\"author\" content=\"jarguedasc\" \/>\n<meta name=\"twitter:card\" content=\"summary_large_image\" \/>\n<meta name=\"twitter:label1\" content=\"Written by\" \/>\n\t<meta name=\"twitter:data1\" content=\"jarguedasc\" \/>\n\t<meta name=\"twitter:label2\" content=\"Est. reading time\" \/>\n\t<meta name=\"twitter:data2\" content=\"1 minute\" \/>\n<script type=\"application\/ld+json\" class=\"yoast-schema-graph\">{\"@context\":\"https:\\\/\\\/schema.org\",\"@graph\":[{\"@type\":\"Article\",\"@id\":\"https:\\\/\\\/www.anc.cr\\\/comunicado-de-la-anc-con-respecto-al-uso-de-las-mascarillas\\\/#article\",\"isPartOf\":{\"@id\":\"https:\\\/\\\/www.anc.cr\\\/comunicado-de-la-anc-con-respecto-al-uso-de-las-mascarillas\\\/\"},\"author\":{\"name\":\"jarguedasc\",\"@id\":\"https:\\\/\\\/www.anc.cr\\\/#\\\/schema\\\/person\\\/7766bd50e439d728b840c06d98f7b30c\"},\"headline\":\"Comunicado de la ANC con respecto al uso de las mascarillas\",\"datePublished\":\"2020-04-14T18:00:00+00:00\",\"dateModified\":\"2024-09-05T04:07:45+00:00\",\"mainEntityOfPage\":{\"@id\":\"https:\\\/\\\/www.anc.cr\\\/comunicado-de-la-anc-con-respecto-al-uso-de-las-mascarillas\\\/\"},\"wordCount\":242,\"commentCount\":0,\"publisher\":{\"@id\":\"https:\\\/\\\/www.anc.cr\\\/#organization\"},\"image\":{\"@id\":\"https:\\\/\\\/www.anc.cr\\\/comunicado-de-la-anc-con-respecto-al-uso-de-las-mascarillas\\\/#primaryimage\"},\"thumbnailUrl\":\"https:\\\/\\\/www.anc.cr\\\/wp-content\\\/uploads\\\/2024\\\/08\\\/Comunicado_ANC-Uso_de_mascarillas.jpeg\",\"articleSection\":[\"Proyectos de Ley y Comunicados\"],\"inLanguage\":\"en-US\",\"potentialAction\":[{\"@type\":\"CommentAction\",\"name\":\"Comment\",\"target\":[\"https:\\\/\\\/www.anc.cr\\\/comunicado-de-la-anc-con-respecto-al-uso-de-las-mascarillas\\\/#respond\"]}]},{\"@type\":\"WebPage\",\"@id\":\"https:\\\/\\\/www.anc.cr\\\/comunicado-de-la-anc-con-respecto-al-uso-de-las-mascarillas\\\/\",\"url\":\"https:\\\/\\\/www.anc.cr\\\/comunicado-de-la-anc-con-respecto-al-uso-de-las-mascarillas\\\/\",\"name\":\"Comunicado de la ANC con respecto al uso de las mascarillas - ANC\",\"isPartOf\":{\"@id\":\"https:\\\/\\\/www.anc.cr\\\/#website\"},\"primaryImageOfPage\":{\"@id\":\"https:\\\/\\\/www.anc.cr\\\/comunicado-de-la-anc-con-respecto-al-uso-de-las-mascarillas\\\/#primaryimage\"},\"image\":{\"@id\":\"https:\\\/\\\/www.anc.cr\\\/comunicado-de-la-anc-con-respecto-al-uso-de-las-mascarillas\\\/#primaryimage\"},\"thumbnailUrl\":\"https:\\\/\\\/www.anc.cr\\\/wp-content\\\/uploads\\\/2024\\\/08\\\/Comunicado_ANC-Uso_de_mascarillas.jpeg\",\"datePublished\":\"2020-04-14T18:00:00+00:00\",\"dateModified\":\"2024-09-05T04:07:45+00:00\",\"breadcrumb\":{\"@id\":\"https:\\\/\\\/www.anc.cr\\\/comunicado-de-la-anc-con-respecto-al-uso-de-las-mascarillas\\\/#breadcrumb\"},\"inLanguage\":\"en-US\",\"potentialAction\":[{\"@type\":\"ReadAction\",\"target\":[\"https:\\\/\\\/www.anc.cr\\\/comunicado-de-la-anc-con-respecto-al-uso-de-las-mascarillas\\\/\"]}]},{\"@type\":\"ImageObject\",\"inLanguage\":\"en-US\",\"@id\":\"https:\\\/\\\/www.anc.cr\\\/comunicado-de-la-anc-con-respecto-al-uso-de-las-mascarillas\\\/#primaryimage\",\"url\":\"https:\\\/\\\/www.anc.cr\\\/wp-content\\\/uploads\\\/2024\\\/08\\\/Comunicado_ANC-Uso_de_mascarillas.jpeg\",\"contentUrl\":\"https:\\\/\\\/www.anc.cr\\\/wp-content\\\/uploads\\\/2024\\\/08\\\/Comunicado_ANC-Uso_de_mascarillas.jpeg\",\"width\":636,\"height\":883},{\"@type\":\"BreadcrumbList\",\"@id\":\"https:\\\/\\\/www.anc.cr\\\/comunicado-de-la-anc-con-respecto-al-uso-de-las-mascarillas\\\/#breadcrumb\",\"itemListElement\":[{\"@type\":\"ListItem\",\"position\":1,\"name\":\"Portada\",\"item\":\"https:\\\/\\\/www.anc.cr\\\/\"},{\"@type\":\"ListItem\",\"position\":2,\"name\":\"Comunicado de la ANC con respecto al uso de las mascarillas\"}]},{\"@type\":\"WebSite\",\"@id\":\"https:\\\/\\\/www.anc.cr\\\/#website\",\"url\":\"https:\\\/\\\/www.anc.cr\\\/\",\"name\":\"ANC\",\"description\":\"Academia Nacional de Ciencias\",\"publisher\":{\"@id\":\"https:\\\/\\\/www.anc.cr\\\/#organization\"},\"potentialAction\":[{\"@type\":\"SearchAction\",\"target\":{\"@type\":\"EntryPoint\",\"urlTemplate\":\"https:\\\/\\\/www.anc.cr\\\/?s={search_term_string}\"},\"query-input\":{\"@type\":\"PropertyValueSpecification\",\"valueRequired\":true,\"valueName\":\"search_term_string\"}}],\"inLanguage\":\"en-US\"},{\"@type\":\"Organization\",\"@id\":\"https:\\\/\\\/www.anc.cr\\\/#organization\",\"name\":\"ANC\",\"url\":\"https:\\\/\\\/www.anc.cr\\\/\",\"logo\":{\"@type\":\"ImageObject\",\"inLanguage\":\"en-US\",\"@id\":\"https:\\\/\\\/www.anc.cr\\\/#\\\/schema\\\/logo\\\/image\\\/\",\"url\":\"https:\\\/\\\/www.anc.cr\\\/wp-content\\\/uploads\\\/2024\\\/07\\\/Logo-ANC-CR.png\",\"contentUrl\":\"https:\\\/\\\/www.anc.cr\\\/wp-content\\\/uploads\\\/2024\\\/07\\\/Logo-ANC-CR.png\",\"width\":1051,\"height\":593,\"caption\":\"ANC\"},\"image\":{\"@id\":\"https:\\\/\\\/www.anc.cr\\\/#\\\/schema\\\/logo\\\/image\\\/\"}},{\"@type\":\"Person\",\"@id\":\"https:\\\/\\\/www.anc.cr\\\/#\\\/schema\\\/person\\\/7766bd50e439d728b840c06d98f7b30c\",\"name\":\"jarguedasc\",\"image\":{\"@type\":\"ImageObject\",\"inLanguage\":\"en-US\",\"@id\":\"https:\\\/\\\/secure.gravatar.com\\\/avatar\\\/a31f956dbf8cf8534efedbd72d1775ec1dda66cb68632d84e544549eca557ce4?s=96&d=mm&r=g\",\"url\":\"https:\\\/\\\/secure.gravatar.com\\\/avatar\\\/a31f956dbf8cf8534efedbd72d1775ec1dda66cb68632d84e544549eca557ce4?s=96&d=mm&r=g\",\"contentUrl\":\"https:\\\/\\\/secure.gravatar.com\\\/avatar\\\/a31f956dbf8cf8534efedbd72d1775ec1dda66cb68632d84e544549eca557ce4?s=96&d=mm&r=g\",\"caption\":\"jarguedasc\"},\"sameAs\":[\"https:\\\/\\\/www.anc.cr\"],\"url\":\"https:\\\/\\\/www.anc.cr\\\/en\\\/author\\\/jarguedasc\\\/\"}]}<\/script>\n<!-- \/ Yoast SEO plugin. -->","yoast_head_json":{"title":"Comunicado de la ANC con respecto al uso de las mascarillas - ANC","robots":{"index":"index","follow":"follow","max-snippet":"max-snippet:-1","max-image-preview":"max-image-preview:large","max-video-preview":"max-video-preview:-1"},"canonical":"https:\/\/www.anc.cr\/en\/comunicado-de-la-anc-con-respecto-al-uso-de-las-mascarillas\/","og_locale":"en_US","og_type":"article","og_title":"Comunicado de la ANC con respecto al uso de las mascarillas - ANC","og_description":"Dado que parte de la poblaci\u00f3n de Costa Rica ha mostrado reticencia al confinamiento y \u00e9ste no le es posible a ciertas personas por \u00edndoles varias, la Academia Nacional de Ciencias sugiere a las autoridades sanitarias recomendar el uso generalizado de mascarillas industriales o artesanales a todo aquel que circule en espacios p\u00fablicos tanto abiertos [&hellip;]","og_url":"https:\/\/www.anc.cr\/en\/comunicado-de-la-anc-con-respecto-al-uso-de-las-mascarillas\/","og_site_name":"ANC","article_published_time":"2020-04-14T18:00:00+00:00","article_modified_time":"2024-09-05T04:07:45+00:00","og_image":[{"width":636,"height":883,"url":"https:\/\/www.anc.cr\/wp-content\/uploads\/2024\/08\/Comunicado_ANC-Uso_de_mascarillas.jpeg","type":"image\/jpeg"}],"author":"jarguedasc","twitter_card":"summary_large_image","twitter_misc":{"Written by":"jarguedasc","Est. reading time":"1 minute"},"schema":{"@context":"https:\/\/schema.org","@graph":[{"@type":"Article","@id":"https:\/\/www.anc.cr\/comunicado-de-la-anc-con-respecto-al-uso-de-las-mascarillas\/#article","isPartOf":{"@id":"https:\/\/www.anc.cr\/comunicado-de-la-anc-con-respecto-al-uso-de-las-mascarillas\/"},"author":{"name":"jarguedasc","@id":"https:\/\/www.anc.cr\/#\/schema\/person\/7766bd50e439d728b840c06d98f7b30c"},"headline":"Comunicado de la ANC con respecto al uso de las mascarillas","datePublished":"2020-04-14T18:00:00+00:00","dateModified":"2024-09-05T04:07:45+00:00","mainEntityOfPage":{"@id":"https:\/\/www.anc.cr\/comunicado-de-la-anc-con-respecto-al-uso-de-las-mascarillas\/"},"wordCount":242,"commentCount":0,"publisher":{"@id":"https:\/\/www.anc.cr\/#organization"},"image":{"@id":"https:\/\/www.anc.cr\/comunicado-de-la-anc-con-respecto-al-uso-de-las-mascarillas\/#primaryimage"},"thumbnailUrl":"https:\/\/www.anc.cr\/wp-content\/uploads\/2024\/08\/Comunicado_ANC-Uso_de_mascarillas.jpeg","articleSection":["Proyectos de Ley y Comunicados"],"inLanguage":"en-US","potentialAction":[{"@type":"CommentAction","name":"Comment","target":["https:\/\/www.anc.cr\/comunicado-de-la-anc-con-respecto-al-uso-de-las-mascarillas\/#respond"]}]},{"@type":"WebPage","@id":"https:\/\/www.anc.cr\/comunicado-de-la-anc-con-respecto-al-uso-de-las-mascarillas\/","url":"https:\/\/www.anc.cr\/comunicado-de-la-anc-con-respecto-al-uso-de-las-mascarillas\/","name":"Comunicado de la ANC con respecto al uso de las mascarillas - ANC","isPartOf":{"@id":"https:\/\/www.anc.cr\/#website"},"primaryImageOfPage":{"@id":"https:\/\/www.anc.cr\/comunicado-de-la-anc-con-respecto-al-uso-de-las-mascarillas\/#primaryimage"},"image":{"@id":"https:\/\/www.anc.cr\/comunicado-de-la-anc-con-respecto-al-uso-de-las-mascarillas\/#primaryimage"},"thumbnailUrl":"https:\/\/www.anc.cr\/wp-content\/uploads\/2024\/08\/Comunicado_ANC-Uso_de_mascarillas.jpeg","datePublished":"2020-04-14T18:00:00+00:00","dateModified":"2024-09-05T04:07:45+00:00","breadcrumb":{"@id":"https:\/\/www.anc.cr\/comunicado-de-la-anc-con-respecto-al-uso-de-las-mascarillas\/#breadcrumb"},"inLanguage":"en-US","potentialAction":[{"@type":"ReadAction","target":["https:\/\/www.anc.cr\/comunicado-de-la-anc-con-respecto-al-uso-de-las-mascarillas\/"]}]},{"@type":"ImageObject","inLanguage":"en-US","@id":"https:\/\/www.anc.cr\/comunicado-de-la-anc-con-respecto-al-uso-de-las-mascarillas\/#primaryimage","url":"https:\/\/www.anc.cr\/wp-content\/uploads\/2024\/08\/Comunicado_ANC-Uso_de_mascarillas.jpeg","contentUrl":"https:\/\/www.anc.cr\/wp-content\/uploads\/2024\/08\/Comunicado_ANC-Uso_de_mascarillas.jpeg","width":636,"height":883},{"@type":"BreadcrumbList","@id":"https:\/\/www.anc.cr\/comunicado-de-la-anc-con-respecto-al-uso-de-las-mascarillas\/#breadcrumb","itemListElement":[{"@type":"ListItem","position":1,"name":"Portada","item":"https:\/\/www.anc.cr\/"},{"@type":"ListItem","position":2,"name":"Comunicado de la ANC con respecto al uso de las mascarillas"}]},{"@type":"WebSite","@id":"https:\/\/www.anc.cr\/#website","url":"https:\/\/www.anc.cr\/","name":"ANC","description":"Academia Nacional de Ciencias","publisher":{"@id":"https:\/\/www.anc.cr\/#organization"},"potentialAction":[{"@type":"SearchAction","target":{"@type":"EntryPoint","urlTemplate":"https:\/\/www.anc.cr\/?s={search_term_string}"},"query-input":{"@type":"PropertyValueSpecification","valueRequired":true,"valueName":"search_term_string"}}],"inLanguage":"en-US"},{"@type":"Organization","@id":"https:\/\/www.anc.cr\/#organization","name":"ANC","url":"https:\/\/www.anc.cr\/","logo":{"@type":"ImageObject","inLanguage":"en-US","@id":"https:\/\/www.anc.cr\/#\/schema\/logo\/image\/","url":"https:\/\/www.anc.cr\/wp-content\/uploads\/2024\/07\/Logo-ANC-CR.png","contentUrl":"https:\/\/www.anc.cr\/wp-content\/uploads\/2024\/07\/Logo-ANC-CR.png","width":1051,"height":593,"caption":"ANC"},"image":{"@id":"https:\/\/www.anc.cr\/#\/schema\/logo\/image\/"}},{"@type":"Person","@id":"https:\/\/www.anc.cr\/#\/schema\/person\/7766bd50e439d728b840c06d98f7b30c","name":"jarguedasc","image":{"@type":"ImageObject","inLanguage":"en-US","@id":"https:\/\/secure.gravatar.com\/avatar\/a31f956dbf8cf8534efedbd72d1775ec1dda66cb68632d84e544549eca557ce4?s=96&d=mm&r=g","url":"https:\/\/secure.gravatar.com\/avatar\/a31f956dbf8cf8534efedbd72d1775ec1dda66cb68632d84e544549eca557ce4?s=96&d=mm&r=g","contentUrl":"https:\/\/secure.gravatar.com\/avatar\/a31f956dbf8cf8534efedbd72d1775ec1dda66cb68632d84e544549eca557ce4?s=96&d=mm&r=g","caption":"jarguedasc"},"sameAs":["https:\/\/www.anc.cr"],"url":"https:\/\/www.anc.cr\/en\/author\/jarguedasc\/"}]}},"_links":{"self":[{"href":"https:\/\/www.anc.cr\/en\/wp-json\/wp\/v2\/posts\/1583","targetHints":{"allow":["GET"]}}],"collection":[{"href":"https:\/\/www.anc.cr\/en\/wp-json\/wp\/v2\/posts"}],"about":[{"href":"https:\/\/www.anc.cr\/en\/wp-json\/wp\/v2\/types\/post"}],"author":[{"embeddable":true,"href":"https:\/\/www.anc.cr\/en\/wp-json\/wp\/v2\/users\/1"}],"replies":[{"embeddable":true,"href":"https:\/\/www.anc.cr\/en\/wp-json\/wp\/v2\/comments?post=1583"}],"version-history":[{"count":1,"href":"https:\/\/www.anc.cr\/en\/wp-json\/wp\/v2\/posts\/1583\/revisions"}],"predecessor-version":[{"id":1585,"href":"https:\/\/www.anc.cr\/en\/wp-json\/wp\/v2\/posts\/1583\/revisions\/1585"}],"wp:featuredmedia":[{"embeddable":true,"href":"https:\/\/www.anc.cr\/en\/wp-json\/wp\/v2\/media\/1584"}],"wp:attachment":[{"href":"https:\/\/www.anc.cr\/en\/wp-json\/wp\/v2\/media?parent=1583"}],"wp:term":[{"taxonomy":"category","embeddable":true,"href":"https:\/\/www.anc.cr\/en\/wp-json\/wp\/v2\/categories?post=1583"},{"taxonomy":"post_tag","embeddable":true,"href":"https:\/\/www.anc.cr\/en\/wp-json\/wp\/v2\/tags?post=1583"}],"curies":[{"name":"wp","href":"https:\/\/api.w.org\/{rel}","templated":true}]}}