{"id":1231,"date":"2024-07-10T01:48:53","date_gmt":"2024-07-10T07:48:53","guid":{"rendered":"http:\/\/anc.local\/?p=1231"},"modified":"2024-07-10T01:48:54","modified_gmt":"2024-07-10T07:48:54","slug":"la-academia-nacional-de-ciencias-anfitriona-de-la-reunion-anual-del-programa-de-educacion-en-ciencias-de-ianas","status":"publish","type":"post","link":"https:\/\/www.anc.cr\/en\/la-academia-nacional-de-ciencias-anfitriona-de-la-reunion-anual-del-programa-de-educacion-en-ciencias-de-ianas\/","title":{"rendered":"LA ACADEMIA NACIONAL DE CIENCIAS ANFITRIONA DE LA REUNI\u00d3N ANUAL DEL PROGRAMA DE EDUCACI\u00d3N EN CIENCIAS DE IANAS"},"content":{"rendered":"<p>La Red Interamericana de Academias de Ciencias (IANAS) fue creada para afianzar la cooperaci\u00f3n hacia el fortalecimiento de la ciencia y la tecnolog\u00eda como herramientas para promover la investigaci\u00f3n, el desarrollo, la prosperidad y la equidad en los pa\u00edses de Am\u00e9rica, siendo la Academia Nacional de Ciencias un miembro activo de dicha red.<\/p>\n\n\n\n<p>IANAS est\u00e1 formada por diferentes programas: Aguas, Mujeres en la Ciencia, Energ\u00eda, Educaci\u00f3n en las Ciencias, Alimentaci\u00f3n y Nutrici\u00f3n y por \u00faltimo Desarrollo de Capacidades. Dichos programas est\u00e1n integrados por puntos focales, personas representantes de las Academias de Ciencias de las Am\u00e9ricas. Cada a\u00f1o se realiza una reuni\u00f3n anual de los puntos focales de los diferentes programas, esto es un evento de gran importancia, ya que se discuten temas de relevancia para la regi\u00f3n, se analizan las actividades en curso y se planifican las actividades y eventos para el a\u00f1o venidero.<\/p>\n\n\n\n<p>En el mes de agosto del presente a\u00f1o la Academia Nacional de Ciencias de Costa Rica tuvo el gran honor de ser la anfitriona de la reuni\u00f3n anual de los puntos focales del Programa de Educaci\u00f3n en Ciencias de IANAS, se cont\u00f3 con la participaci\u00f3n de representantes de las Academias de Ciencias de Am\u00e9rica, personas de gran trayectoria y reconocimiento cient\u00edfico donde se discutieron temas de relevancia para el continente americano.<\/p>\n\n\n\n<p>Conferencias, visitas guiadas y la participaci\u00f3n en la premiaci\u00f3n de la Cient\u00edfica Destacada fueron actividades que formaron parte de este gran evento, el Dr. Jeremy McNeil, quien es el representante de la Sociedad Real de Canad\u00e1: Las Academias de Artes, Humanidades y Ciencias de Canad\u00e1 imparti\u00f3 la conferencia &#8220;Phytochemistry not just for humans and pets&#8221; durante el Primer Congreso de Estudiantes de Farmacia de la Universidad de Costa Rica, que se llev\u00f3 a cabo en la Ciudad de la Investigaci\u00f3n. Posteriormente visit\u00f3 el Museo de Zoolog\u00eda de la UCR, el cual consta de numerosas&nbsp;colecciones cient\u00edficas que comprenden a la mayor\u00eda de los grupos taxon\u00f3micos de animales invertebrados y vertebrados.<\/p>\n\n\n\n<p>Tambi\u00e9n se tuvo el honor de contar con la representante de la Academia de Ciencias de Argentina, la Sra. Norma Nudelman, la representante de Guatemala, la Sra. Mar\u00eda del Carmen Samayoa, el representante de M\u00e9xico, el Sr. Carlos Bosch y el de la Academia de Ciencias de los Estados Unidos, el Sr. Patrick Scott, quienes participaron del Congreso de Ciencia Tecnolog\u00eda y Sociedad, donde impartieron una conferencia.<\/p>\n\n\n\n<p>Se tuvo el privilegio de contar con la asistencia de los representantes de IANAS en la entrega del reconocimiento a la \u201cCient\u00edfica Destacada 2018\u201d, galard\u00f3n otorgado por el Ministerio de Ciencia, Tecnolog\u00eda y Telecomunicaciones y la Academia Nacional de Ciencias a la MSc. Mar\u00eda Laura Arias Echandi por sus aportes al conocimiento y la sociedad derivados de sus investigaciones. Y en donde se tuvo el honor de contar con las palabras de la Dra. Elsa Quiroga, Presidenta Organizaci\u00f3n Boliviana de Mujeres en<br>Ciencia.<\/p>\n\n\n\n<p><em>\u201cLas pol\u00edticas de apoyo a la mujer de ciencia deben buscar potencializar sus capacidades cient\u00edficas en la perspectiva de utilizar sus talentos y habilidades, su sensibilidad,&nbsp;&nbsp;capacidad de trabajo y compromiso para incorporarlas con equidad en las instancias de decisi\u00f3n en asuntos de relevancia para el desarrollo social, econ\u00f3mico, cultural, cient\u00edfico y tecnol\u00f3gico de los pa\u00edses\u201d. Dra. Elsa Quiroga<\/em><\/p>","protected":false},"excerpt":{"rendered":"<p>La Red Interamericana de Academias de Ciencias (IANAS) fue creada para afianzar la cooperaci\u00f3n hacia el fortalecimiento de la ciencia y la tecnolog\u00eda como herramientas para promover la investigaci\u00f3n, el desarrollo, la prosperidad y la equidad en los pa\u00edses de Am\u00e9rica, siendo la Academia Nacional de Ciencias un miembro activo de dicha red. IANAS est\u00e1 [&hellip;]<\/p>\n","protected":false},"author":1,"featured_media":1276,"comment_status":"open","ping_status":"open","sticky":false,"template":"","format":"standard","meta":{"footnotes":""},"categories":[7],"tags":[],"class_list":["post-1231","post","type-post","status-publish","format-standard","has-post-thumbnail","hentry","category-noticias"],"yoast_head":"<!-- This site is optimized with the Yoast SEO plugin v27.3 - https:\/\/yoast.com\/product\/yoast-seo-wordpress\/ -->\n<title>LA ACADEMIA NACIONAL DE CIENCIAS ANFITRIONA DE LA REUNI\u00d3N ANUAL DEL PROGRAMA DE EDUCACI\u00d3N EN CIENCIAS DE IANAS - ANC<\/title>\n<meta name=\"robots\" content=\"index, follow, max-snippet:-1, max-image-preview:large, max-video-preview:-1\" \/>\n<link rel=\"canonical\" href=\"https:\/\/www.anc.cr\/en\/la-academia-nacional-de-ciencias-anfitriona-de-la-reunion-anual-del-programa-de-educacion-en-ciencias-de-ianas\/\" \/>\n<meta property=\"og:locale\" content=\"en_US\" \/>\n<meta property=\"og:type\" content=\"article\" \/>\n<meta property=\"og:title\" content=\"LA ACADEMIA NACIONAL DE CIENCIAS ANFITRIONA DE LA REUNI\u00d3N ANUAL DEL PROGRAMA DE EDUCACI\u00d3N EN CIENCIAS DE IANAS - ANC\" \/>\n<meta property=\"og:description\" content=\"La Red Interamericana de Academias de Ciencias (IANAS) fue creada para afianzar la cooperaci\u00f3n hacia el fortalecimiento de la ciencia y la tecnolog\u00eda como herramientas para promover la investigaci\u00f3n, el desarrollo, la prosperidad y la equidad en los pa\u00edses de Am\u00e9rica, siendo la Academia Nacional de Ciencias un miembro activo de dicha red. IANAS est\u00e1 [&hellip;]\" \/>\n<meta property=\"og:url\" content=\"https:\/\/www.anc.cr\/en\/la-academia-nacional-de-ciencias-anfitriona-de-la-reunion-anual-del-programa-de-educacion-en-ciencias-de-ianas\/\" \/>\n<meta property=\"og:site_name\" content=\"ANC\" \/>\n<meta property=\"article:published_time\" content=\"2024-07-10T07:48:53+00:00\" \/>\n<meta property=\"article:modified_time\" content=\"2024-07-10T07:48:54+00:00\" \/>\n<meta property=\"og:image\" content=\"https:\/\/www.anc.cr\/wp-content\/uploads\/2024\/07\/WhatsApp-Image-2018-08-30-at-6.40.41-PM1.jpeg\" \/>\n\t<meta property=\"og:image:width\" content=\"1280\" \/>\n\t<meta property=\"og:image:height\" content=\"960\" \/>\n\t<meta property=\"og:image:type\" content=\"image\/jpeg\" \/>\n<meta name=\"author\" content=\"jarguedasc\" \/>\n<meta name=\"twitter:card\" content=\"summary_large_image\" \/>\n<meta name=\"twitter:label1\" content=\"Written by\" \/>\n\t<meta name=\"twitter:data1\" content=\"jarguedasc\" \/>\n\t<meta name=\"twitter:label2\" content=\"Est. reading time\" \/>\n\t<meta name=\"twitter:data2\" content=\"3 minutes\" \/>\n<script type=\"application\/ld+json\" class=\"yoast-schema-graph\">{\"@context\":\"https:\\\/\\\/schema.org\",\"@graph\":[{\"@type\":\"Article\",\"@id\":\"https:\\\/\\\/www.anc.cr\\\/la-academia-nacional-de-ciencias-anfitriona-de-la-reunion-anual-del-programa-de-educacion-en-ciencias-de-ianas\\\/#article\",\"isPartOf\":{\"@id\":\"https:\\\/\\\/www.anc.cr\\\/la-academia-nacional-de-ciencias-anfitriona-de-la-reunion-anual-del-programa-de-educacion-en-ciencias-de-ianas\\\/\"},\"author\":{\"name\":\"jarguedasc\",\"@id\":\"https:\\\/\\\/www.anc.cr\\\/#\\\/schema\\\/person\\\/7766bd50e439d728b840c06d98f7b30c\"},\"headline\":\"LA ACADEMIA NACIONAL DE CIENCIAS ANFITRIONA DE LA REUNI\u00d3N ANUAL DEL PROGRAMA DE EDUCACI\u00d3N EN CIENCIAS DE IANAS\",\"datePublished\":\"2024-07-10T07:48:53+00:00\",\"dateModified\":\"2024-07-10T07:48:54+00:00\",\"mainEntityOfPage\":{\"@id\":\"https:\\\/\\\/www.anc.cr\\\/la-academia-nacional-de-ciencias-anfitriona-de-la-reunion-anual-del-programa-de-educacion-en-ciencias-de-ianas\\\/\"},\"wordCount\":600,\"commentCount\":0,\"publisher\":{\"@id\":\"https:\\\/\\\/www.anc.cr\\\/#organization\"},\"image\":{\"@id\":\"https:\\\/\\\/www.anc.cr\\\/la-academia-nacional-de-ciencias-anfitriona-de-la-reunion-anual-del-programa-de-educacion-en-ciencias-de-ianas\\\/#primaryimage\"},\"thumbnailUrl\":\"https:\\\/\\\/www.anc.cr\\\/wp-content\\\/uploads\\\/2024\\\/07\\\/WhatsApp-Image-2018-08-30-at-6.40.41-PM1.jpeg\",\"articleSection\":[\"Noticias\"],\"inLanguage\":\"en-US\",\"potentialAction\":[{\"@type\":\"CommentAction\",\"name\":\"Comment\",\"target\":[\"https:\\\/\\\/www.anc.cr\\\/la-academia-nacional-de-ciencias-anfitriona-de-la-reunion-anual-del-programa-de-educacion-en-ciencias-de-ianas\\\/#respond\"]}]},{\"@type\":\"WebPage\",\"@id\":\"https:\\\/\\\/www.anc.cr\\\/la-academia-nacional-de-ciencias-anfitriona-de-la-reunion-anual-del-programa-de-educacion-en-ciencias-de-ianas\\\/\",\"url\":\"https:\\\/\\\/www.anc.cr\\\/la-academia-nacional-de-ciencias-anfitriona-de-la-reunion-anual-del-programa-de-educacion-en-ciencias-de-ianas\\\/\",\"name\":\"LA ACADEMIA NACIONAL DE CIENCIAS ANFITRIONA DE LA REUNI\u00d3N ANUAL DEL PROGRAMA DE EDUCACI\u00d3N EN CIENCIAS DE IANAS - ANC\",\"isPartOf\":{\"@id\":\"https:\\\/\\\/www.anc.cr\\\/#website\"},\"primaryImageOfPage\":{\"@id\":\"https:\\\/\\\/www.anc.cr\\\/la-academia-nacional-de-ciencias-anfitriona-de-la-reunion-anual-del-programa-de-educacion-en-ciencias-de-ianas\\\/#primaryimage\"},\"image\":{\"@id\":\"https:\\\/\\\/www.anc.cr\\\/la-academia-nacional-de-ciencias-anfitriona-de-la-reunion-anual-del-programa-de-educacion-en-ciencias-de-ianas\\\/#primaryimage\"},\"thumbnailUrl\":\"https:\\\/\\\/www.anc.cr\\\/wp-content\\\/uploads\\\/2024\\\/07\\\/WhatsApp-Image-2018-08-30-at-6.40.41-PM1.jpeg\",\"datePublished\":\"2024-07-10T07:48:53+00:00\",\"dateModified\":\"2024-07-10T07:48:54+00:00\",\"breadcrumb\":{\"@id\":\"https:\\\/\\\/www.anc.cr\\\/la-academia-nacional-de-ciencias-anfitriona-de-la-reunion-anual-del-programa-de-educacion-en-ciencias-de-ianas\\\/#breadcrumb\"},\"inLanguage\":\"en-US\",\"potentialAction\":[{\"@type\":\"ReadAction\",\"target\":[\"https:\\\/\\\/www.anc.cr\\\/la-academia-nacional-de-ciencias-anfitriona-de-la-reunion-anual-del-programa-de-educacion-en-ciencias-de-ianas\\\/\"]}]},{\"@type\":\"ImageObject\",\"inLanguage\":\"en-US\",\"@id\":\"https:\\\/\\\/www.anc.cr\\\/la-academia-nacional-de-ciencias-anfitriona-de-la-reunion-anual-del-programa-de-educacion-en-ciencias-de-ianas\\\/#primaryimage\",\"url\":\"https:\\\/\\\/www.anc.cr\\\/wp-content\\\/uploads\\\/2024\\\/07\\\/WhatsApp-Image-2018-08-30-at-6.40.41-PM1.jpeg\",\"contentUrl\":\"https:\\\/\\\/www.anc.cr\\\/wp-content\\\/uploads\\\/2024\\\/07\\\/WhatsApp-Image-2018-08-30-at-6.40.41-PM1.jpeg\",\"width\":1280,\"height\":960},{\"@type\":\"BreadcrumbList\",\"@id\":\"https:\\\/\\\/www.anc.cr\\\/la-academia-nacional-de-ciencias-anfitriona-de-la-reunion-anual-del-programa-de-educacion-en-ciencias-de-ianas\\\/#breadcrumb\",\"itemListElement\":[{\"@type\":\"ListItem\",\"position\":1,\"name\":\"Portada\",\"item\":\"https:\\\/\\\/www.anc.cr\\\/\"},{\"@type\":\"ListItem\",\"position\":2,\"name\":\"LA ACADEMIA NACIONAL DE CIENCIAS ANFITRIONA DE LA REUNI\u00d3N ANUAL DEL PROGRAMA DE EDUCACI\u00d3N EN CIENCIAS DE IANAS\"}]},{\"@type\":\"WebSite\",\"@id\":\"https:\\\/\\\/www.anc.cr\\\/#website\",\"url\":\"https:\\\/\\\/www.anc.cr\\\/\",\"name\":\"ANC\",\"description\":\"Academia Nacional de Ciencias\",\"publisher\":{\"@id\":\"https:\\\/\\\/www.anc.cr\\\/#organization\"},\"potentialAction\":[{\"@type\":\"SearchAction\",\"target\":{\"@type\":\"EntryPoint\",\"urlTemplate\":\"https:\\\/\\\/www.anc.cr\\\/?s={search_term_string}\"},\"query-input\":{\"@type\":\"PropertyValueSpecification\",\"valueRequired\":true,\"valueName\":\"search_term_string\"}}],\"inLanguage\":\"en-US\"},{\"@type\":\"Organization\",\"@id\":\"https:\\\/\\\/www.anc.cr\\\/#organization\",\"name\":\"ANC\",\"url\":\"https:\\\/\\\/www.anc.cr\\\/\",\"logo\":{\"@type\":\"ImageObject\",\"inLanguage\":\"en-US\",\"@id\":\"https:\\\/\\\/www.anc.cr\\\/#\\\/schema\\\/logo\\\/image\\\/\",\"url\":\"https:\\\/\\\/www.anc.cr\\\/wp-content\\\/uploads\\\/2024\\\/07\\\/Logo-ANC-CR.png\",\"contentUrl\":\"https:\\\/\\\/www.anc.cr\\\/wp-content\\\/uploads\\\/2024\\\/07\\\/Logo-ANC-CR.png\",\"width\":1051,\"height\":593,\"caption\":\"ANC\"},\"image\":{\"@id\":\"https:\\\/\\\/www.anc.cr\\\/#\\\/schema\\\/logo\\\/image\\\/\"}},{\"@type\":\"Person\",\"@id\":\"https:\\\/\\\/www.anc.cr\\\/#\\\/schema\\\/person\\\/7766bd50e439d728b840c06d98f7b30c\",\"name\":\"jarguedasc\",\"image\":{\"@type\":\"ImageObject\",\"inLanguage\":\"en-US\",\"@id\":\"https:\\\/\\\/secure.gravatar.com\\\/avatar\\\/a31f956dbf8cf8534efedbd72d1775ec1dda66cb68632d84e544549eca557ce4?s=96&d=mm&r=g\",\"url\":\"https:\\\/\\\/secure.gravatar.com\\\/avatar\\\/a31f956dbf8cf8534efedbd72d1775ec1dda66cb68632d84e544549eca557ce4?s=96&d=mm&r=g\",\"contentUrl\":\"https:\\\/\\\/secure.gravatar.com\\\/avatar\\\/a31f956dbf8cf8534efedbd72d1775ec1dda66cb68632d84e544549eca557ce4?s=96&d=mm&r=g\",\"caption\":\"jarguedasc\"},\"sameAs\":[\"https:\\\/\\\/www.anc.cr\"],\"url\":\"https:\\\/\\\/www.anc.cr\\\/en\\\/author\\\/jarguedasc\\\/\"}]}<\/script>\n<!-- \/ Yoast SEO plugin. -->","yoast_head_json":{"title":"LA ACADEMIA NACIONAL DE CIENCIAS ANFITRIONA DE LA REUNI\u00d3N ANUAL DEL PROGRAMA DE EDUCACI\u00d3N EN CIENCIAS DE IANAS - ANC","robots":{"index":"index","follow":"follow","max-snippet":"max-snippet:-1","max-image-preview":"max-image-preview:large","max-video-preview":"max-video-preview:-1"},"canonical":"https:\/\/www.anc.cr\/en\/la-academia-nacional-de-ciencias-anfitriona-de-la-reunion-anual-del-programa-de-educacion-en-ciencias-de-ianas\/","og_locale":"en_US","og_type":"article","og_title":"LA ACADEMIA NACIONAL DE CIENCIAS ANFITRIONA DE LA REUNI\u00d3N ANUAL DEL PROGRAMA DE EDUCACI\u00d3N EN CIENCIAS DE IANAS - ANC","og_description":"La Red Interamericana de Academias de Ciencias (IANAS) fue creada para afianzar la cooperaci\u00f3n hacia el fortalecimiento de la ciencia y la tecnolog\u00eda como herramientas para promover la investigaci\u00f3n, el desarrollo, la prosperidad y la equidad en los pa\u00edses de Am\u00e9rica, siendo la Academia Nacional de Ciencias un miembro activo de dicha red. IANAS est\u00e1 [&hellip;]","og_url":"https:\/\/www.anc.cr\/en\/la-academia-nacional-de-ciencias-anfitriona-de-la-reunion-anual-del-programa-de-educacion-en-ciencias-de-ianas\/","og_site_name":"ANC","article_published_time":"2024-07-10T07:48:53+00:00","article_modified_time":"2024-07-10T07:48:54+00:00","og_image":[{"width":1280,"height":960,"url":"https:\/\/www.anc.cr\/wp-content\/uploads\/2024\/07\/WhatsApp-Image-2018-08-30-at-6.40.41-PM1.jpeg","type":"image\/jpeg"}],"author":"jarguedasc","twitter_card":"summary_large_image","twitter_misc":{"Written by":"jarguedasc","Est. reading time":"3 minutes"},"schema":{"@context":"https:\/\/schema.org","@graph":[{"@type":"Article","@id":"https:\/\/www.anc.cr\/la-academia-nacional-de-ciencias-anfitriona-de-la-reunion-anual-del-programa-de-educacion-en-ciencias-de-ianas\/#article","isPartOf":{"@id":"https:\/\/www.anc.cr\/la-academia-nacional-de-ciencias-anfitriona-de-la-reunion-anual-del-programa-de-educacion-en-ciencias-de-ianas\/"},"author":{"name":"jarguedasc","@id":"https:\/\/www.anc.cr\/#\/schema\/person\/7766bd50e439d728b840c06d98f7b30c"},"headline":"LA ACADEMIA NACIONAL DE CIENCIAS ANFITRIONA DE LA REUNI\u00d3N ANUAL DEL PROGRAMA DE EDUCACI\u00d3N EN CIENCIAS DE IANAS","datePublished":"2024-07-10T07:48:53+00:00","dateModified":"2024-07-10T07:48:54+00:00","mainEntityOfPage":{"@id":"https:\/\/www.anc.cr\/la-academia-nacional-de-ciencias-anfitriona-de-la-reunion-anual-del-programa-de-educacion-en-ciencias-de-ianas\/"},"wordCount":600,"commentCount":0,"publisher":{"@id":"https:\/\/www.anc.cr\/#organization"},"image":{"@id":"https:\/\/www.anc.cr\/la-academia-nacional-de-ciencias-anfitriona-de-la-reunion-anual-del-programa-de-educacion-en-ciencias-de-ianas\/#primaryimage"},"thumbnailUrl":"https:\/\/www.anc.cr\/wp-content\/uploads\/2024\/07\/WhatsApp-Image-2018-08-30-at-6.40.41-PM1.jpeg","articleSection":["Noticias"],"inLanguage":"en-US","potentialAction":[{"@type":"CommentAction","name":"Comment","target":["https:\/\/www.anc.cr\/la-academia-nacional-de-ciencias-anfitriona-de-la-reunion-anual-del-programa-de-educacion-en-ciencias-de-ianas\/#respond"]}]},{"@type":"WebPage","@id":"https:\/\/www.anc.cr\/la-academia-nacional-de-ciencias-anfitriona-de-la-reunion-anual-del-programa-de-educacion-en-ciencias-de-ianas\/","url":"https:\/\/www.anc.cr\/la-academia-nacional-de-ciencias-anfitriona-de-la-reunion-anual-del-programa-de-educacion-en-ciencias-de-ianas\/","name":"LA ACADEMIA NACIONAL DE CIENCIAS ANFITRIONA DE LA REUNI\u00d3N ANUAL DEL PROGRAMA DE EDUCACI\u00d3N EN CIENCIAS DE IANAS - ANC","isPartOf":{"@id":"https:\/\/www.anc.cr\/#website"},"primaryImageOfPage":{"@id":"https:\/\/www.anc.cr\/la-academia-nacional-de-ciencias-anfitriona-de-la-reunion-anual-del-programa-de-educacion-en-ciencias-de-ianas\/#primaryimage"},"image":{"@id":"https:\/\/www.anc.cr\/la-academia-nacional-de-ciencias-anfitriona-de-la-reunion-anual-del-programa-de-educacion-en-ciencias-de-ianas\/#primaryimage"},"thumbnailUrl":"https:\/\/www.anc.cr\/wp-content\/uploads\/2024\/07\/WhatsApp-Image-2018-08-30-at-6.40.41-PM1.jpeg","datePublished":"2024-07-10T07:48:53+00:00","dateModified":"2024-07-10T07:48:54+00:00","breadcrumb":{"@id":"https:\/\/www.anc.cr\/la-academia-nacional-de-ciencias-anfitriona-de-la-reunion-anual-del-programa-de-educacion-en-ciencias-de-ianas\/#breadcrumb"},"inLanguage":"en-US","potentialAction":[{"@type":"ReadAction","target":["https:\/\/www.anc.cr\/la-academia-nacional-de-ciencias-anfitriona-de-la-reunion-anual-del-programa-de-educacion-en-ciencias-de-ianas\/"]}]},{"@type":"ImageObject","inLanguage":"en-US","@id":"https:\/\/www.anc.cr\/la-academia-nacional-de-ciencias-anfitriona-de-la-reunion-anual-del-programa-de-educacion-en-ciencias-de-ianas\/#primaryimage","url":"https:\/\/www.anc.cr\/wp-content\/uploads\/2024\/07\/WhatsApp-Image-2018-08-30-at-6.40.41-PM1.jpeg","contentUrl":"https:\/\/www.anc.cr\/wp-content\/uploads\/2024\/07\/WhatsApp-Image-2018-08-30-at-6.40.41-PM1.jpeg","width":1280,"height":960},{"@type":"BreadcrumbList","@id":"https:\/\/www.anc.cr\/la-academia-nacional-de-ciencias-anfitriona-de-la-reunion-anual-del-programa-de-educacion-en-ciencias-de-ianas\/#breadcrumb","itemListElement":[{"@type":"ListItem","position":1,"name":"Portada","item":"https:\/\/www.anc.cr\/"},{"@type":"ListItem","position":2,"name":"LA ACADEMIA NACIONAL DE CIENCIAS ANFITRIONA DE LA REUNI\u00d3N ANUAL DEL PROGRAMA DE EDUCACI\u00d3N EN CIENCIAS DE IANAS"}]},{"@type":"WebSite","@id":"https:\/\/www.anc.cr\/#website","url":"https:\/\/www.anc.cr\/","name":"ANC","description":"Academia Nacional de Ciencias","publisher":{"@id":"https:\/\/www.anc.cr\/#organization"},"potentialAction":[{"@type":"SearchAction","target":{"@type":"EntryPoint","urlTemplate":"https:\/\/www.anc.cr\/?s={search_term_string}"},"query-input":{"@type":"PropertyValueSpecification","valueRequired":true,"valueName":"search_term_string"}}],"inLanguage":"en-US"},{"@type":"Organization","@id":"https:\/\/www.anc.cr\/#organization","name":"ANC","url":"https:\/\/www.anc.cr\/","logo":{"@type":"ImageObject","inLanguage":"en-US","@id":"https:\/\/www.anc.cr\/#\/schema\/logo\/image\/","url":"https:\/\/www.anc.cr\/wp-content\/uploads\/2024\/07\/Logo-ANC-CR.png","contentUrl":"https:\/\/www.anc.cr\/wp-content\/uploads\/2024\/07\/Logo-ANC-CR.png","width":1051,"height":593,"caption":"ANC"},"image":{"@id":"https:\/\/www.anc.cr\/#\/schema\/logo\/image\/"}},{"@type":"Person","@id":"https:\/\/www.anc.cr\/#\/schema\/person\/7766bd50e439d728b840c06d98f7b30c","name":"jarguedasc","image":{"@type":"ImageObject","inLanguage":"en-US","@id":"https:\/\/secure.gravatar.com\/avatar\/a31f956dbf8cf8534efedbd72d1775ec1dda66cb68632d84e544549eca557ce4?s=96&d=mm&r=g","url":"https:\/\/secure.gravatar.com\/avatar\/a31f956dbf8cf8534efedbd72d1775ec1dda66cb68632d84e544549eca557ce4?s=96&d=mm&r=g","contentUrl":"https:\/\/secure.gravatar.com\/avatar\/a31f956dbf8cf8534efedbd72d1775ec1dda66cb68632d84e544549eca557ce4?s=96&d=mm&r=g","caption":"jarguedasc"},"sameAs":["https:\/\/www.anc.cr"],"url":"https:\/\/www.anc.cr\/en\/author\/jarguedasc\/"}]}},"_links":{"self":[{"href":"https:\/\/www.anc.cr\/en\/wp-json\/wp\/v2\/posts\/1231","targetHints":{"allow":["GET"]}}],"collection":[{"href":"https:\/\/www.anc.cr\/en\/wp-json\/wp\/v2\/posts"}],"about":[{"href":"https:\/\/www.anc.cr\/en\/wp-json\/wp\/v2\/types\/post"}],"author":[{"embeddable":true,"href":"https:\/\/www.anc.cr\/en\/wp-json\/wp\/v2\/users\/1"}],"replies":[{"embeddable":true,"href":"https:\/\/www.anc.cr\/en\/wp-json\/wp\/v2\/comments?post=1231"}],"version-history":[{"count":1,"href":"https:\/\/www.anc.cr\/en\/wp-json\/wp\/v2\/posts\/1231\/revisions"}],"predecessor-version":[{"id":1277,"href":"https:\/\/www.anc.cr\/en\/wp-json\/wp\/v2\/posts\/1231\/revisions\/1277"}],"wp:featuredmedia":[{"embeddable":true,"href":"https:\/\/www.anc.cr\/en\/wp-json\/wp\/v2\/media\/1276"}],"wp:attachment":[{"href":"https:\/\/www.anc.cr\/en\/wp-json\/wp\/v2\/media?parent=1231"}],"wp:term":[{"taxonomy":"category","embeddable":true,"href":"https:\/\/www.anc.cr\/en\/wp-json\/wp\/v2\/categories?post=1231"},{"taxonomy":"post_tag","embeddable":true,"href":"https:\/\/www.anc.cr\/en\/wp-json\/wp\/v2\/tags?post=1231"}],"curies":[{"name":"wp","href":"https:\/\/api.w.org\/{rel}","templated":true}]}}