{"id":1179,"date":"2024-07-10T01:53:28","date_gmt":"2024-07-10T07:53:28","guid":{"rendered":"http:\/\/anc.local\/?p=1179"},"modified":"2024-07-10T01:53:44","modified_gmt":"2024-07-10T07:53:44","slug":"la-ultima-edad-del-hielo-en-costa-rica-conferencia-impartida-por-el-dr-guillermo-alvarado","status":"publish","type":"post","link":"https:\/\/www.anc.cr\/en\/la-ultima-edad-del-hielo-en-costa-rica-conferencia-impartida-por-el-dr-guillermo-alvarado\/","title":{"rendered":"La \u00faltima Edad del Hielo en Costa Rica\u201d, conferencia impartida por el Dr. Guillermo Alvarado"},"content":{"rendered":"<p>El Dr. Guillermo Alvarado Induni, ge\u00f3logo, miembro de la Academia Nacional de Ciencias imparti\u00f3 la conferencia \u201cLa \u00faltima Edad del Hielo en Costa Rica\u201d.<\/p>\n\n\n\n<p>El Dr. Alvarado labora para la&nbsp;Comisi\u00f3n Nacional de Prevenci\u00f3n de Riesgos y Atenci\u00f3n de Emergencias&nbsp;(CNE), es Profesor de la Universidad de Costa Rica e investigador en la Red Sismol\u00f3gica Nacional. Su especialidad es la&nbsp;Vulcanolog\u00eda-Neotect\u00f3nica-Geolog\u00eda del Cuaternario.<\/p>\n\n\n\n<p>La mayor parte de su labor profesional la ha realizado en Am\u00e9rica Central desde 1984 en diversos campos de la geolog\u00eda. Por su experiencia y continua actualizaci\u00f3n, ha colaborado desde 1989 con la Comisi\u00f3n Nacional de Prevenci\u00f3n de Riesgos y Atenci\u00f3n de Emergencias (CNE) y es donde labora actualmente. Bautizado por algunos periodistas como &#8220;El Se\u00f1or de los Volcanes&#8221;, ha recibido varios reconocimientos por parte de la Universidad de Costa Rica y el &#8221; Premio Geol\u00f3gico Nacional&#8221; 2009.<\/p>\n\n\n\n<p>La \u00faltima Edad del Hielo no solo aconteci\u00f3 en el hemisferio norte sino tambi\u00e9n en Costa Rica, la cual abarc\u00f3 desde los 80 000 a\u00f1os hasta los 11 000 a\u00f1os atr\u00e1s, aproximadamente. Dicho periodo se caracteriz\u00f3 por varios aspectos: Una glaciaci\u00f3n extensa a lo largo de todo el hemisferio norte del planeta, con la cual tambi\u00e9n descendi\u00f3 el nivel del mar entre unos 120 y 160 metros, que conllev\u00f3 a un aumento del territorio de lo que actualmente llamamos Costa Rica en un \u00e1rea de m\u00e1s de un 20% de&nbsp;&nbsp;lo que conocemos, adem\u00e1s, el p\u00e1ramo se extendi\u00f3 y aproximadamente un 40 km<sup>2<\/sup>&nbsp;de nuestro pa\u00eds estaban cubiertos de hielo y algunos volcanes altos como el Iraz\u00fa y el Turrialba posiblemente estuvieron nevados.<\/p>\n\n\n\n<p>No solo los p\u00e1ramos se extendieron, sino que tambi\u00e9n los bosques de los volcanes se intercomunicaron, es decir se form\u00f3 un corredor entre los volcanes; pero con el cambio del clima a partir de 11 000 a\u00f1os a hoy en d\u00eda, que es mucho m\u00e1s c\u00e1lido, estos volcanes quedaron como islas biol\u00f3gicas con fauna y flora particular.<\/p>\n\n\n\n<p>Otro aspecto importante es la megafauna, que hoy en d\u00eda est\u00e1 extinta, grandes animales herb\u00edvoros y carn\u00edvoros como, por ejemplo, el perezoso gigante, algunos grandes mam\u00edferos de la talla de los rinocerontes, armadillos gigantes, entre otros, vagaban por el territorio nacional. Esta megafauna se extingui\u00f3 al final de la \u00faltima glaciaci\u00f3n, justo en ese momento los seres humanos arribaron al continente americano ya sea por el Estrecho de Bering o por Australasia y este fue el que muy probablemente contribuy\u00f3 a la extinci\u00f3n de gran parte de esta megafauna.<\/p>\n\n\n\n<p>Se habla tambi\u00e9n de los \u201canacronismos\u201d biol\u00f3gicos y explica algunos casos de como algunas plantas, \u00e1rboles e incluso animales pudieron sobrevivir con la extinci\u00f3n de esta megafauna, por ejemplo, el caso del aguacate y de algunos \u00e1rboles espinosos.<\/p>\n\n\n\n<p>El Dr. Guillermo Alvarado explica que diferentes paleont\u00f3logos han encontrado en CR restos f\u00f3siles de dicha megafauna, y tambi\u00e9n que existe un gran \u00e1mbito de investigaci\u00f3n para los futuros j\u00f3venes y las nuevas generaciones. Por ejemplo, hay algunas partes altas que no se sabe con certeza si estuvieron cubiertas de glaciares en el sentido estricto o si simplemente estuvieron nevadas; esos son aspectos que se deben de investigar hacia el futuro.<\/p>\n\n\n\n<p>&nbsp;\u201cExiste una teor\u00eda que indica como Toro Amarillo pudo haber sido el \u00faltimo reducto de Am\u00e9rica Central del bisonte americano, eso queda como un ejemplo de c\u00f3mo se pueden unir todas estas partes del rompecabezas: la arqueolog\u00eda, la biolog\u00eda, la paleontolog\u00eda, el clima antiguo y las leyendas; todo ello se puede acoplar para reconstruir una historia. Faltan muchas cosas por investigar y es un terreno f\u00e9rtil para los estudiantes, para generar todo este bagaje de conocimiento de lo que es la Costa Rica de hoy en d\u00eda y c\u00f3mo era nuestro pa\u00eds hace 17000 a\u00f1os cuando estaba inmersa en un fr\u00edo glaciar\u201d Dr. Guillermo Alvarado Induni.<\/p>\n\n\n\n<figure class=\"wp-block-image\"><img decoding=\"async\" src=\"https:\/\/www.anc.cr\/\/images\/ANC\/logoANCFooter.png\" alt=\"\"\/><\/figure>","protected":false},"excerpt":{"rendered":"<p>El Dr. Guillermo Alvarado Induni, ge\u00f3logo, miembro de la Academia Nacional de Ciencias imparti\u00f3 la conferencia \u201cLa \u00faltima Edad del Hielo en Costa Rica\u201d. El Dr. Alvarado labora para la&nbsp;Comisi\u00f3n Nacional de Prevenci\u00f3n de Riesgos y Atenci\u00f3n de Emergencias&nbsp;(CNE), es Profesor de la Universidad de Costa Rica e investigador en la Red Sismol\u00f3gica Nacional. Su [&hellip;]<\/p>\n","protected":false},"author":1,"featured_media":1286,"comment_status":"open","ping_status":"open","sticky":false,"template":"","format":"standard","meta":{"footnotes":""},"categories":[7],"tags":[],"class_list":["post-1179","post","type-post","status-publish","format-standard","has-post-thumbnail","hentry","category-noticias"],"yoast_head":"<!-- This site is optimized with the Yoast SEO plugin v27.3 - https:\/\/yoast.com\/product\/yoast-seo-wordpress\/ -->\n<title>La \u00faltima Edad del Hielo en Costa Rica\u201d, conferencia impartida por el Dr. Guillermo Alvarado - ANC<\/title>\n<meta name=\"robots\" content=\"index, follow, max-snippet:-1, max-image-preview:large, max-video-preview:-1\" \/>\n<link rel=\"canonical\" href=\"https:\/\/www.anc.cr\/en\/la-ultima-edad-del-hielo-en-costa-rica-conferencia-impartida-por-el-dr-guillermo-alvarado\/\" \/>\n<meta property=\"og:locale\" content=\"en_US\" \/>\n<meta property=\"og:type\" content=\"article\" \/>\n<meta property=\"og:title\" content=\"La \u00faltima Edad del Hielo en Costa Rica\u201d, conferencia impartida por el Dr. Guillermo Alvarado - ANC\" \/>\n<meta property=\"og:description\" content=\"El Dr. Guillermo Alvarado Induni, ge\u00f3logo, miembro de la Academia Nacional de Ciencias imparti\u00f3 la conferencia \u201cLa \u00faltima Edad del Hielo en Costa Rica\u201d. El Dr. Alvarado labora para la&nbsp;Comisi\u00f3n Nacional de Prevenci\u00f3n de Riesgos y Atenci\u00f3n de Emergencias&nbsp;(CNE), es Profesor de la Universidad de Costa Rica e investigador en la Red Sismol\u00f3gica Nacional. Su [&hellip;]\" \/>\n<meta property=\"og:url\" content=\"https:\/\/www.anc.cr\/en\/la-ultima-edad-del-hielo-en-costa-rica-conferencia-impartida-por-el-dr-guillermo-alvarado\/\" \/>\n<meta property=\"og:site_name\" content=\"ANC\" \/>\n<meta property=\"article:published_time\" content=\"2024-07-10T07:53:28+00:00\" \/>\n<meta property=\"article:modified_time\" content=\"2024-07-10T07:53:44+00:00\" \/>\n<meta property=\"og:image\" content=\"https:\/\/www.anc.cr\/wp-content\/uploads\/2024\/07\/GA1.png\" \/>\n\t<meta property=\"og:image:width\" content=\"960\" \/>\n\t<meta property=\"og:image:height\" content=\"539\" \/>\n\t<meta property=\"og:image:type\" content=\"image\/png\" \/>\n<meta name=\"author\" content=\"jarguedasc\" \/>\n<meta name=\"twitter:card\" content=\"summary_large_image\" \/>\n<meta name=\"twitter:label1\" content=\"Written by\" \/>\n\t<meta name=\"twitter:data1\" content=\"jarguedasc\" \/>\n\t<meta name=\"twitter:label2\" content=\"Est. reading time\" \/>\n\t<meta name=\"twitter:data2\" content=\"3 minutes\" \/>\n<script type=\"application\/ld+json\" class=\"yoast-schema-graph\">{\"@context\":\"https:\\\/\\\/schema.org\",\"@graph\":[{\"@type\":\"Article\",\"@id\":\"https:\\\/\\\/www.anc.cr\\\/la-ultima-edad-del-hielo-en-costa-rica-conferencia-impartida-por-el-dr-guillermo-alvarado\\\/#article\",\"isPartOf\":{\"@id\":\"https:\\\/\\\/www.anc.cr\\\/la-ultima-edad-del-hielo-en-costa-rica-conferencia-impartida-por-el-dr-guillermo-alvarado\\\/\"},\"author\":{\"name\":\"jarguedasc\",\"@id\":\"https:\\\/\\\/www.anc.cr\\\/#\\\/schema\\\/person\\\/7766bd50e439d728b840c06d98f7b30c\"},\"headline\":\"La \u00faltima Edad del Hielo en Costa Rica\u201d, conferencia impartida por el Dr. Guillermo Alvarado\",\"datePublished\":\"2024-07-10T07:53:28+00:00\",\"dateModified\":\"2024-07-10T07:53:44+00:00\",\"mainEntityOfPage\":{\"@id\":\"https:\\\/\\\/www.anc.cr\\\/la-ultima-edad-del-hielo-en-costa-rica-conferencia-impartida-por-el-dr-guillermo-alvarado\\\/\"},\"wordCount\":691,\"commentCount\":0,\"publisher\":{\"@id\":\"https:\\\/\\\/www.anc.cr\\\/#organization\"},\"image\":{\"@id\":\"https:\\\/\\\/www.anc.cr\\\/la-ultima-edad-del-hielo-en-costa-rica-conferencia-impartida-por-el-dr-guillermo-alvarado\\\/#primaryimage\"},\"thumbnailUrl\":\"https:\\\/\\\/www.anc.cr\\\/wp-content\\\/uploads\\\/2024\\\/07\\\/GA1.png\",\"articleSection\":[\"Noticias\"],\"inLanguage\":\"en-US\",\"potentialAction\":[{\"@type\":\"CommentAction\",\"name\":\"Comment\",\"target\":[\"https:\\\/\\\/www.anc.cr\\\/la-ultima-edad-del-hielo-en-costa-rica-conferencia-impartida-por-el-dr-guillermo-alvarado\\\/#respond\"]}]},{\"@type\":\"WebPage\",\"@id\":\"https:\\\/\\\/www.anc.cr\\\/la-ultima-edad-del-hielo-en-costa-rica-conferencia-impartida-por-el-dr-guillermo-alvarado\\\/\",\"url\":\"https:\\\/\\\/www.anc.cr\\\/la-ultima-edad-del-hielo-en-costa-rica-conferencia-impartida-por-el-dr-guillermo-alvarado\\\/\",\"name\":\"La \u00faltima Edad del Hielo en Costa Rica\u201d, conferencia impartida por el Dr. Guillermo Alvarado - ANC\",\"isPartOf\":{\"@id\":\"https:\\\/\\\/www.anc.cr\\\/#website\"},\"primaryImageOfPage\":{\"@id\":\"https:\\\/\\\/www.anc.cr\\\/la-ultima-edad-del-hielo-en-costa-rica-conferencia-impartida-por-el-dr-guillermo-alvarado\\\/#primaryimage\"},\"image\":{\"@id\":\"https:\\\/\\\/www.anc.cr\\\/la-ultima-edad-del-hielo-en-costa-rica-conferencia-impartida-por-el-dr-guillermo-alvarado\\\/#primaryimage\"},\"thumbnailUrl\":\"https:\\\/\\\/www.anc.cr\\\/wp-content\\\/uploads\\\/2024\\\/07\\\/GA1.png\",\"datePublished\":\"2024-07-10T07:53:28+00:00\",\"dateModified\":\"2024-07-10T07:53:44+00:00\",\"breadcrumb\":{\"@id\":\"https:\\\/\\\/www.anc.cr\\\/la-ultima-edad-del-hielo-en-costa-rica-conferencia-impartida-por-el-dr-guillermo-alvarado\\\/#breadcrumb\"},\"inLanguage\":\"en-US\",\"potentialAction\":[{\"@type\":\"ReadAction\",\"target\":[\"https:\\\/\\\/www.anc.cr\\\/la-ultima-edad-del-hielo-en-costa-rica-conferencia-impartida-por-el-dr-guillermo-alvarado\\\/\"]}]},{\"@type\":\"ImageObject\",\"inLanguage\":\"en-US\",\"@id\":\"https:\\\/\\\/www.anc.cr\\\/la-ultima-edad-del-hielo-en-costa-rica-conferencia-impartida-por-el-dr-guillermo-alvarado\\\/#primaryimage\",\"url\":\"https:\\\/\\\/www.anc.cr\\\/wp-content\\\/uploads\\\/2024\\\/07\\\/GA1.png\",\"contentUrl\":\"https:\\\/\\\/www.anc.cr\\\/wp-content\\\/uploads\\\/2024\\\/07\\\/GA1.png\",\"width\":960,\"height\":539},{\"@type\":\"BreadcrumbList\",\"@id\":\"https:\\\/\\\/www.anc.cr\\\/la-ultima-edad-del-hielo-en-costa-rica-conferencia-impartida-por-el-dr-guillermo-alvarado\\\/#breadcrumb\",\"itemListElement\":[{\"@type\":\"ListItem\",\"position\":1,\"name\":\"Portada\",\"item\":\"https:\\\/\\\/www.anc.cr\\\/\"},{\"@type\":\"ListItem\",\"position\":2,\"name\":\"La \u00faltima Edad del Hielo en Costa Rica\u201d, conferencia impartida por el Dr. Guillermo Alvarado\"}]},{\"@type\":\"WebSite\",\"@id\":\"https:\\\/\\\/www.anc.cr\\\/#website\",\"url\":\"https:\\\/\\\/www.anc.cr\\\/\",\"name\":\"ANC\",\"description\":\"Academia Nacional de Ciencias\",\"publisher\":{\"@id\":\"https:\\\/\\\/www.anc.cr\\\/#organization\"},\"potentialAction\":[{\"@type\":\"SearchAction\",\"target\":{\"@type\":\"EntryPoint\",\"urlTemplate\":\"https:\\\/\\\/www.anc.cr\\\/?s={search_term_string}\"},\"query-input\":{\"@type\":\"PropertyValueSpecification\",\"valueRequired\":true,\"valueName\":\"search_term_string\"}}],\"inLanguage\":\"en-US\"},{\"@type\":\"Organization\",\"@id\":\"https:\\\/\\\/www.anc.cr\\\/#organization\",\"name\":\"ANC\",\"url\":\"https:\\\/\\\/www.anc.cr\\\/\",\"logo\":{\"@type\":\"ImageObject\",\"inLanguage\":\"en-US\",\"@id\":\"https:\\\/\\\/www.anc.cr\\\/#\\\/schema\\\/logo\\\/image\\\/\",\"url\":\"https:\\\/\\\/www.anc.cr\\\/wp-content\\\/uploads\\\/2024\\\/07\\\/Logo-ANC-CR.png\",\"contentUrl\":\"https:\\\/\\\/www.anc.cr\\\/wp-content\\\/uploads\\\/2024\\\/07\\\/Logo-ANC-CR.png\",\"width\":1051,\"height\":593,\"caption\":\"ANC\"},\"image\":{\"@id\":\"https:\\\/\\\/www.anc.cr\\\/#\\\/schema\\\/logo\\\/image\\\/\"}},{\"@type\":\"Person\",\"@id\":\"https:\\\/\\\/www.anc.cr\\\/#\\\/schema\\\/person\\\/7766bd50e439d728b840c06d98f7b30c\",\"name\":\"jarguedasc\",\"image\":{\"@type\":\"ImageObject\",\"inLanguage\":\"en-US\",\"@id\":\"https:\\\/\\\/secure.gravatar.com\\\/avatar\\\/a31f956dbf8cf8534efedbd72d1775ec1dda66cb68632d84e544549eca557ce4?s=96&d=mm&r=g\",\"url\":\"https:\\\/\\\/secure.gravatar.com\\\/avatar\\\/a31f956dbf8cf8534efedbd72d1775ec1dda66cb68632d84e544549eca557ce4?s=96&d=mm&r=g\",\"contentUrl\":\"https:\\\/\\\/secure.gravatar.com\\\/avatar\\\/a31f956dbf8cf8534efedbd72d1775ec1dda66cb68632d84e544549eca557ce4?s=96&d=mm&r=g\",\"caption\":\"jarguedasc\"},\"sameAs\":[\"https:\\\/\\\/www.anc.cr\"],\"url\":\"https:\\\/\\\/www.anc.cr\\\/en\\\/author\\\/jarguedasc\\\/\"}]}<\/script>\n<!-- \/ Yoast SEO plugin. -->","yoast_head_json":{"title":"La \u00faltima Edad del Hielo en Costa Rica\u201d, conferencia impartida por el Dr. Guillermo Alvarado - ANC","robots":{"index":"index","follow":"follow","max-snippet":"max-snippet:-1","max-image-preview":"max-image-preview:large","max-video-preview":"max-video-preview:-1"},"canonical":"https:\/\/www.anc.cr\/en\/la-ultima-edad-del-hielo-en-costa-rica-conferencia-impartida-por-el-dr-guillermo-alvarado\/","og_locale":"en_US","og_type":"article","og_title":"La \u00faltima Edad del Hielo en Costa Rica\u201d, conferencia impartida por el Dr. Guillermo Alvarado - ANC","og_description":"El Dr. Guillermo Alvarado Induni, ge\u00f3logo, miembro de la Academia Nacional de Ciencias imparti\u00f3 la conferencia \u201cLa \u00faltima Edad del Hielo en Costa Rica\u201d. El Dr. Alvarado labora para la&nbsp;Comisi\u00f3n Nacional de Prevenci\u00f3n de Riesgos y Atenci\u00f3n de Emergencias&nbsp;(CNE), es Profesor de la Universidad de Costa Rica e investigador en la Red Sismol\u00f3gica Nacional. Su [&hellip;]","og_url":"https:\/\/www.anc.cr\/en\/la-ultima-edad-del-hielo-en-costa-rica-conferencia-impartida-por-el-dr-guillermo-alvarado\/","og_site_name":"ANC","article_published_time":"2024-07-10T07:53:28+00:00","article_modified_time":"2024-07-10T07:53:44+00:00","og_image":[{"width":960,"height":539,"url":"https:\/\/www.anc.cr\/wp-content\/uploads\/2024\/07\/GA1.png","type":"image\/png"}],"author":"jarguedasc","twitter_card":"summary_large_image","twitter_misc":{"Written by":"jarguedasc","Est. reading time":"3 minutes"},"schema":{"@context":"https:\/\/schema.org","@graph":[{"@type":"Article","@id":"https:\/\/www.anc.cr\/la-ultima-edad-del-hielo-en-costa-rica-conferencia-impartida-por-el-dr-guillermo-alvarado\/#article","isPartOf":{"@id":"https:\/\/www.anc.cr\/la-ultima-edad-del-hielo-en-costa-rica-conferencia-impartida-por-el-dr-guillermo-alvarado\/"},"author":{"name":"jarguedasc","@id":"https:\/\/www.anc.cr\/#\/schema\/person\/7766bd50e439d728b840c06d98f7b30c"},"headline":"La \u00faltima Edad del Hielo en Costa Rica\u201d, conferencia impartida por el Dr. Guillermo Alvarado","datePublished":"2024-07-10T07:53:28+00:00","dateModified":"2024-07-10T07:53:44+00:00","mainEntityOfPage":{"@id":"https:\/\/www.anc.cr\/la-ultima-edad-del-hielo-en-costa-rica-conferencia-impartida-por-el-dr-guillermo-alvarado\/"},"wordCount":691,"commentCount":0,"publisher":{"@id":"https:\/\/www.anc.cr\/#organization"},"image":{"@id":"https:\/\/www.anc.cr\/la-ultima-edad-del-hielo-en-costa-rica-conferencia-impartida-por-el-dr-guillermo-alvarado\/#primaryimage"},"thumbnailUrl":"https:\/\/www.anc.cr\/wp-content\/uploads\/2024\/07\/GA1.png","articleSection":["Noticias"],"inLanguage":"en-US","potentialAction":[{"@type":"CommentAction","name":"Comment","target":["https:\/\/www.anc.cr\/la-ultima-edad-del-hielo-en-costa-rica-conferencia-impartida-por-el-dr-guillermo-alvarado\/#respond"]}]},{"@type":"WebPage","@id":"https:\/\/www.anc.cr\/la-ultima-edad-del-hielo-en-costa-rica-conferencia-impartida-por-el-dr-guillermo-alvarado\/","url":"https:\/\/www.anc.cr\/la-ultima-edad-del-hielo-en-costa-rica-conferencia-impartida-por-el-dr-guillermo-alvarado\/","name":"La \u00faltima Edad del Hielo en Costa Rica\u201d, conferencia impartida por el Dr. Guillermo Alvarado - ANC","isPartOf":{"@id":"https:\/\/www.anc.cr\/#website"},"primaryImageOfPage":{"@id":"https:\/\/www.anc.cr\/la-ultima-edad-del-hielo-en-costa-rica-conferencia-impartida-por-el-dr-guillermo-alvarado\/#primaryimage"},"image":{"@id":"https:\/\/www.anc.cr\/la-ultima-edad-del-hielo-en-costa-rica-conferencia-impartida-por-el-dr-guillermo-alvarado\/#primaryimage"},"thumbnailUrl":"https:\/\/www.anc.cr\/wp-content\/uploads\/2024\/07\/GA1.png","datePublished":"2024-07-10T07:53:28+00:00","dateModified":"2024-07-10T07:53:44+00:00","breadcrumb":{"@id":"https:\/\/www.anc.cr\/la-ultima-edad-del-hielo-en-costa-rica-conferencia-impartida-por-el-dr-guillermo-alvarado\/#breadcrumb"},"inLanguage":"en-US","potentialAction":[{"@type":"ReadAction","target":["https:\/\/www.anc.cr\/la-ultima-edad-del-hielo-en-costa-rica-conferencia-impartida-por-el-dr-guillermo-alvarado\/"]}]},{"@type":"ImageObject","inLanguage":"en-US","@id":"https:\/\/www.anc.cr\/la-ultima-edad-del-hielo-en-costa-rica-conferencia-impartida-por-el-dr-guillermo-alvarado\/#primaryimage","url":"https:\/\/www.anc.cr\/wp-content\/uploads\/2024\/07\/GA1.png","contentUrl":"https:\/\/www.anc.cr\/wp-content\/uploads\/2024\/07\/GA1.png","width":960,"height":539},{"@type":"BreadcrumbList","@id":"https:\/\/www.anc.cr\/la-ultima-edad-del-hielo-en-costa-rica-conferencia-impartida-por-el-dr-guillermo-alvarado\/#breadcrumb","itemListElement":[{"@type":"ListItem","position":1,"name":"Portada","item":"https:\/\/www.anc.cr\/"},{"@type":"ListItem","position":2,"name":"La \u00faltima Edad del Hielo en Costa Rica\u201d, conferencia impartida por el Dr. Guillermo Alvarado"}]},{"@type":"WebSite","@id":"https:\/\/www.anc.cr\/#website","url":"https:\/\/www.anc.cr\/","name":"ANC","description":"Academia Nacional de Ciencias","publisher":{"@id":"https:\/\/www.anc.cr\/#organization"},"potentialAction":[{"@type":"SearchAction","target":{"@type":"EntryPoint","urlTemplate":"https:\/\/www.anc.cr\/?s={search_term_string}"},"query-input":{"@type":"PropertyValueSpecification","valueRequired":true,"valueName":"search_term_string"}}],"inLanguage":"en-US"},{"@type":"Organization","@id":"https:\/\/www.anc.cr\/#organization","name":"ANC","url":"https:\/\/www.anc.cr\/","logo":{"@type":"ImageObject","inLanguage":"en-US","@id":"https:\/\/www.anc.cr\/#\/schema\/logo\/image\/","url":"https:\/\/www.anc.cr\/wp-content\/uploads\/2024\/07\/Logo-ANC-CR.png","contentUrl":"https:\/\/www.anc.cr\/wp-content\/uploads\/2024\/07\/Logo-ANC-CR.png","width":1051,"height":593,"caption":"ANC"},"image":{"@id":"https:\/\/www.anc.cr\/#\/schema\/logo\/image\/"}},{"@type":"Person","@id":"https:\/\/www.anc.cr\/#\/schema\/person\/7766bd50e439d728b840c06d98f7b30c","name":"jarguedasc","image":{"@type":"ImageObject","inLanguage":"en-US","@id":"https:\/\/secure.gravatar.com\/avatar\/a31f956dbf8cf8534efedbd72d1775ec1dda66cb68632d84e544549eca557ce4?s=96&d=mm&r=g","url":"https:\/\/secure.gravatar.com\/avatar\/a31f956dbf8cf8534efedbd72d1775ec1dda66cb68632d84e544549eca557ce4?s=96&d=mm&r=g","contentUrl":"https:\/\/secure.gravatar.com\/avatar\/a31f956dbf8cf8534efedbd72d1775ec1dda66cb68632d84e544549eca557ce4?s=96&d=mm&r=g","caption":"jarguedasc"},"sameAs":["https:\/\/www.anc.cr"],"url":"https:\/\/www.anc.cr\/en\/author\/jarguedasc\/"}]}},"_links":{"self":[{"href":"https:\/\/www.anc.cr\/en\/wp-json\/wp\/v2\/posts\/1179","targetHints":{"allow":["GET"]}}],"collection":[{"href":"https:\/\/www.anc.cr\/en\/wp-json\/wp\/v2\/posts"}],"about":[{"href":"https:\/\/www.anc.cr\/en\/wp-json\/wp\/v2\/types\/post"}],"author":[{"embeddable":true,"href":"https:\/\/www.anc.cr\/en\/wp-json\/wp\/v2\/users\/1"}],"replies":[{"embeddable":true,"href":"https:\/\/www.anc.cr\/en\/wp-json\/wp\/v2\/comments?post=1179"}],"version-history":[{"count":1,"href":"https:\/\/www.anc.cr\/en\/wp-json\/wp\/v2\/posts\/1179\/revisions"}],"predecessor-version":[{"id":1287,"href":"https:\/\/www.anc.cr\/en\/wp-json\/wp\/v2\/posts\/1179\/revisions\/1287"}],"wp:featuredmedia":[{"embeddable":true,"href":"https:\/\/www.anc.cr\/en\/wp-json\/wp\/v2\/media\/1286"}],"wp:attachment":[{"href":"https:\/\/www.anc.cr\/en\/wp-json\/wp\/v2\/media?parent=1179"}],"wp:term":[{"taxonomy":"category","embeddable":true,"href":"https:\/\/www.anc.cr\/en\/wp-json\/wp\/v2\/categories?post=1179"},{"taxonomy":"post_tag","embeddable":true,"href":"https:\/\/www.anc.cr\/en\/wp-json\/wp\/v2\/tags?post=1179"}],"curies":[{"name":"wp","href":"https:\/\/api.w.org\/{rel}","templated":true}]}}