{"id":1110,"date":"2024-07-10T01:22:29","date_gmt":"2024-07-10T07:22:29","guid":{"rendered":"http:\/\/anc.local\/?p=1110"},"modified":"2024-07-10T01:22:30","modified_gmt":"2024-07-10T07:22:30","slug":"i-simposio-internacional-sobre-el-parque-nacional-isla-del-coco-y-aguas-adyacentes","status":"publish","type":"post","link":"https:\/\/www.anc.cr\/en\/i-simposio-internacional-sobre-el-parque-nacional-isla-del-coco-y-aguas-adyacentes\/","title":{"rendered":"I\u00a0Simposio Internacional sobre el Parque Nacional Isla del Coco y aguas adyacentes"},"content":{"rendered":"<blockquote class=\"wp-block-quote has-base-background-color has-background is-layout-flow wp-block-quote-is-layout-flow\">\n<p><strong>l Centro de Investigaci\u00f3n en Ciencias del Mar y Limnolog\u00eda (CIMAR) y la Escuela de Biolog\u00eda tiene el agrado de invitarlos al:&nbsp;<\/strong><\/p>\n\n\n\n<p><em>I Simposio Internacional sobre el Parque Nacional Isla del Coco y aguas adyacentes.<\/em>&nbsp;<\/p>\n\n\n\n<p>Esta actividad se realizar\u00e1 del 13 al 15 de febrero del 2018, de 8:00 a.m a las 18:30 p.m, en el Auditorio de la Ciudad de la Investigaci\u00f3n.<\/p>\n\n\n\n<p><em>A continuaci\u00f3n los enlaces para:<\/em><\/p>\n<\/blockquote>\n\n\n\n<p>&nbsp;&#8211;&nbsp;<em>Pago de inscripci\u00f3n en&nbsp;<a href=\"https:\/\/tienda.fundacionucr.ac.cr\/\" target=\"_blank\" rel=\"noreferrer noopener\">Tienda virtual<\/a>&nbsp;de la Fundaci\u00f3n UCR.<\/em><\/p>\n\n\n\n<p><em>&#8211;&nbsp;&nbsp;<a href=\"https:\/\/docs.google.com\/forms\/d\/e\/1FAIpQLSdIUqXX3t1LbOqQbuwAjqJC8u3hARnGGwS74mRDmMuUCBVW6A\/viewform\" target=\"_blank\" rel=\"noreferrer noopener\">Formulario de inscripci\u00f3n<\/a><\/em><\/p>\n\n\n\n<p>Informaci\u00f3n adicional:&nbsp;<a href=\"mailto:isladelcoco2018@gmail.com\">isladelcoco2018@gmail.com<\/a><\/p>","protected":false},"excerpt":{"rendered":"<p>l Centro de Investigaci\u00f3n en Ciencias del Mar y Limnolog\u00eda (CIMAR) y la Escuela de Biolog\u00eda tiene el agrado de invitarlos al:&nbsp; I Simposio Internacional sobre el Parque Nacional Isla del Coco y aguas adyacentes.&nbsp; Esta actividad se realizar\u00e1 del 13 al 15 de febrero del 2018, de 8:00 a.m a las 18:30 p.m, en [&hellip;]<\/p>\n","protected":false},"author":1,"featured_media":1142,"comment_status":"open","ping_status":"open","sticky":false,"template":"","format":"standard","meta":{"footnotes":""},"categories":[7],"tags":[],"class_list":["post-1110","post","type-post","status-publish","format-standard","has-post-thumbnail","hentry","category-noticias"],"yoast_head":"<!-- This site is optimized with the Yoast SEO plugin v27.3 - https:\/\/yoast.com\/product\/yoast-seo-wordpress\/ -->\n<title>I\u00a0Simposio Internacional sobre el Parque Nacional Isla del Coco y aguas adyacentes - ANC<\/title>\n<meta name=\"robots\" content=\"index, follow, max-snippet:-1, max-image-preview:large, max-video-preview:-1\" \/>\n<link rel=\"canonical\" href=\"https:\/\/www.anc.cr\/en\/i-simposio-internacional-sobre-el-parque-nacional-isla-del-coco-y-aguas-adyacentes\/\" \/>\n<meta property=\"og:locale\" content=\"en_US\" \/>\n<meta property=\"og:type\" content=\"article\" \/>\n<meta property=\"og:title\" content=\"I\u00a0Simposio Internacional sobre el Parque Nacional Isla del Coco y aguas adyacentes - ANC\" \/>\n<meta property=\"og:description\" content=\"l Centro de Investigaci\u00f3n en Ciencias del Mar y Limnolog\u00eda (CIMAR) y la Escuela de Biolog\u00eda tiene el agrado de invitarlos al:&nbsp; I Simposio Internacional sobre el Parque Nacional Isla del Coco y aguas adyacentes.&nbsp; Esta actividad se realizar\u00e1 del 13 al 15 de febrero del 2018, de 8:00 a.m a las 18:30 p.m, en [&hellip;]\" \/>\n<meta property=\"og:url\" content=\"https:\/\/www.anc.cr\/en\/i-simposio-internacional-sobre-el-parque-nacional-isla-del-coco-y-aguas-adyacentes\/\" \/>\n<meta property=\"og:site_name\" content=\"ANC\" \/>\n<meta property=\"article:published_time\" content=\"2024-07-10T07:22:29+00:00\" \/>\n<meta property=\"article:modified_time\" content=\"2024-07-10T07:22:30+00:00\" \/>\n<meta property=\"og:image\" content=\"https:\/\/www.anc.cr\/wp-content\/uploads\/2024\/07\/Simposio-ISLA-DEL-COCO.png\" \/>\n\t<meta property=\"og:image:width\" content=\"382\" \/>\n\t<meta property=\"og:image:height\" content=\"595\" \/>\n\t<meta property=\"og:image:type\" content=\"image\/png\" \/>\n<meta name=\"author\" content=\"jarguedasc\" \/>\n<meta name=\"twitter:card\" content=\"summary_large_image\" \/>\n<meta name=\"twitter:label1\" content=\"Written by\" \/>\n\t<meta name=\"twitter:data1\" content=\"jarguedasc\" \/>\n\t<meta name=\"twitter:label2\" content=\"Est. reading time\" \/>\n\t<meta name=\"twitter:data2\" content=\"1 minute\" \/>\n<script type=\"application\/ld+json\" class=\"yoast-schema-graph\">{\"@context\":\"https:\\\/\\\/schema.org\",\"@graph\":[{\"@type\":\"Article\",\"@id\":\"https:\\\/\\\/www.anc.cr\\\/i-simposio-internacional-sobre-el-parque-nacional-isla-del-coco-y-aguas-adyacentes\\\/#article\",\"isPartOf\":{\"@id\":\"https:\\\/\\\/www.anc.cr\\\/i-simposio-internacional-sobre-el-parque-nacional-isla-del-coco-y-aguas-adyacentes\\\/\"},\"author\":{\"name\":\"jarguedasc\",\"@id\":\"https:\\\/\\\/www.anc.cr\\\/#\\\/schema\\\/person\\\/7766bd50e439d728b840c06d98f7b30c\"},\"headline\":\"I\u00a0Simposio Internacional sobre el Parque Nacional Isla del Coco y aguas adyacentes\",\"datePublished\":\"2024-07-10T07:22:29+00:00\",\"dateModified\":\"2024-07-10T07:22:30+00:00\",\"mainEntityOfPage\":{\"@id\":\"https:\\\/\\\/www.anc.cr\\\/i-simposio-internacional-sobre-el-parque-nacional-isla-del-coco-y-aguas-adyacentes\\\/\"},\"wordCount\":116,\"commentCount\":0,\"publisher\":{\"@id\":\"https:\\\/\\\/www.anc.cr\\\/#organization\"},\"image\":{\"@id\":\"https:\\\/\\\/www.anc.cr\\\/i-simposio-internacional-sobre-el-parque-nacional-isla-del-coco-y-aguas-adyacentes\\\/#primaryimage\"},\"thumbnailUrl\":\"https:\\\/\\\/www.anc.cr\\\/wp-content\\\/uploads\\\/2024\\\/07\\\/Simposio-ISLA-DEL-COCO.png\",\"articleSection\":[\"Noticias\"],\"inLanguage\":\"en-US\",\"potentialAction\":[{\"@type\":\"CommentAction\",\"name\":\"Comment\",\"target\":[\"https:\\\/\\\/www.anc.cr\\\/i-simposio-internacional-sobre-el-parque-nacional-isla-del-coco-y-aguas-adyacentes\\\/#respond\"]}]},{\"@type\":\"WebPage\",\"@id\":\"https:\\\/\\\/www.anc.cr\\\/i-simposio-internacional-sobre-el-parque-nacional-isla-del-coco-y-aguas-adyacentes\\\/\",\"url\":\"https:\\\/\\\/www.anc.cr\\\/i-simposio-internacional-sobre-el-parque-nacional-isla-del-coco-y-aguas-adyacentes\\\/\",\"name\":\"I\u00a0Simposio Internacional sobre el Parque Nacional Isla del Coco y aguas adyacentes - ANC\",\"isPartOf\":{\"@id\":\"https:\\\/\\\/www.anc.cr\\\/#website\"},\"primaryImageOfPage\":{\"@id\":\"https:\\\/\\\/www.anc.cr\\\/i-simposio-internacional-sobre-el-parque-nacional-isla-del-coco-y-aguas-adyacentes\\\/#primaryimage\"},\"image\":{\"@id\":\"https:\\\/\\\/www.anc.cr\\\/i-simposio-internacional-sobre-el-parque-nacional-isla-del-coco-y-aguas-adyacentes\\\/#primaryimage\"},\"thumbnailUrl\":\"https:\\\/\\\/www.anc.cr\\\/wp-content\\\/uploads\\\/2024\\\/07\\\/Simposio-ISLA-DEL-COCO.png\",\"datePublished\":\"2024-07-10T07:22:29+00:00\",\"dateModified\":\"2024-07-10T07:22:30+00:00\",\"breadcrumb\":{\"@id\":\"https:\\\/\\\/www.anc.cr\\\/i-simposio-internacional-sobre-el-parque-nacional-isla-del-coco-y-aguas-adyacentes\\\/#breadcrumb\"},\"inLanguage\":\"en-US\",\"potentialAction\":[{\"@type\":\"ReadAction\",\"target\":[\"https:\\\/\\\/www.anc.cr\\\/i-simposio-internacional-sobre-el-parque-nacional-isla-del-coco-y-aguas-adyacentes\\\/\"]}]},{\"@type\":\"ImageObject\",\"inLanguage\":\"en-US\",\"@id\":\"https:\\\/\\\/www.anc.cr\\\/i-simposio-internacional-sobre-el-parque-nacional-isla-del-coco-y-aguas-adyacentes\\\/#primaryimage\",\"url\":\"https:\\\/\\\/www.anc.cr\\\/wp-content\\\/uploads\\\/2024\\\/07\\\/Simposio-ISLA-DEL-COCO.png\",\"contentUrl\":\"https:\\\/\\\/www.anc.cr\\\/wp-content\\\/uploads\\\/2024\\\/07\\\/Simposio-ISLA-DEL-COCO.png\",\"width\":382,\"height\":595},{\"@type\":\"BreadcrumbList\",\"@id\":\"https:\\\/\\\/www.anc.cr\\\/i-simposio-internacional-sobre-el-parque-nacional-isla-del-coco-y-aguas-adyacentes\\\/#breadcrumb\",\"itemListElement\":[{\"@type\":\"ListItem\",\"position\":1,\"name\":\"Portada\",\"item\":\"https:\\\/\\\/www.anc.cr\\\/\"},{\"@type\":\"ListItem\",\"position\":2,\"name\":\"I\u00a0Simposio Internacional sobre el Parque Nacional Isla del Coco y aguas adyacentes\"}]},{\"@type\":\"WebSite\",\"@id\":\"https:\\\/\\\/www.anc.cr\\\/#website\",\"url\":\"https:\\\/\\\/www.anc.cr\\\/\",\"name\":\"ANC\",\"description\":\"Academia Nacional de Ciencias\",\"publisher\":{\"@id\":\"https:\\\/\\\/www.anc.cr\\\/#organization\"},\"potentialAction\":[{\"@type\":\"SearchAction\",\"target\":{\"@type\":\"EntryPoint\",\"urlTemplate\":\"https:\\\/\\\/www.anc.cr\\\/?s={search_term_string}\"},\"query-input\":{\"@type\":\"PropertyValueSpecification\",\"valueRequired\":true,\"valueName\":\"search_term_string\"}}],\"inLanguage\":\"en-US\"},{\"@type\":\"Organization\",\"@id\":\"https:\\\/\\\/www.anc.cr\\\/#organization\",\"name\":\"ANC\",\"url\":\"https:\\\/\\\/www.anc.cr\\\/\",\"logo\":{\"@type\":\"ImageObject\",\"inLanguage\":\"en-US\",\"@id\":\"https:\\\/\\\/www.anc.cr\\\/#\\\/schema\\\/logo\\\/image\\\/\",\"url\":\"https:\\\/\\\/www.anc.cr\\\/wp-content\\\/uploads\\\/2024\\\/07\\\/Logo-ANC-CR.png\",\"contentUrl\":\"https:\\\/\\\/www.anc.cr\\\/wp-content\\\/uploads\\\/2024\\\/07\\\/Logo-ANC-CR.png\",\"width\":1051,\"height\":593,\"caption\":\"ANC\"},\"image\":{\"@id\":\"https:\\\/\\\/www.anc.cr\\\/#\\\/schema\\\/logo\\\/image\\\/\"}},{\"@type\":\"Person\",\"@id\":\"https:\\\/\\\/www.anc.cr\\\/#\\\/schema\\\/person\\\/7766bd50e439d728b840c06d98f7b30c\",\"name\":\"jarguedasc\",\"image\":{\"@type\":\"ImageObject\",\"inLanguage\":\"en-US\",\"@id\":\"https:\\\/\\\/secure.gravatar.com\\\/avatar\\\/a31f956dbf8cf8534efedbd72d1775ec1dda66cb68632d84e544549eca557ce4?s=96&d=mm&r=g\",\"url\":\"https:\\\/\\\/secure.gravatar.com\\\/avatar\\\/a31f956dbf8cf8534efedbd72d1775ec1dda66cb68632d84e544549eca557ce4?s=96&d=mm&r=g\",\"contentUrl\":\"https:\\\/\\\/secure.gravatar.com\\\/avatar\\\/a31f956dbf8cf8534efedbd72d1775ec1dda66cb68632d84e544549eca557ce4?s=96&d=mm&r=g\",\"caption\":\"jarguedasc\"},\"sameAs\":[\"https:\\\/\\\/www.anc.cr\"],\"url\":\"https:\\\/\\\/www.anc.cr\\\/en\\\/author\\\/jarguedasc\\\/\"}]}<\/script>\n<!-- \/ Yoast SEO plugin. -->","yoast_head_json":{"title":"I\u00a0Simposio Internacional sobre el Parque Nacional Isla del Coco y aguas adyacentes - ANC","robots":{"index":"index","follow":"follow","max-snippet":"max-snippet:-1","max-image-preview":"max-image-preview:large","max-video-preview":"max-video-preview:-1"},"canonical":"https:\/\/www.anc.cr\/en\/i-simposio-internacional-sobre-el-parque-nacional-isla-del-coco-y-aguas-adyacentes\/","og_locale":"en_US","og_type":"article","og_title":"I\u00a0Simposio Internacional sobre el Parque Nacional Isla del Coco y aguas adyacentes - ANC","og_description":"l Centro de Investigaci\u00f3n en Ciencias del Mar y Limnolog\u00eda (CIMAR) y la Escuela de Biolog\u00eda tiene el agrado de invitarlos al:&nbsp; I Simposio Internacional sobre el Parque Nacional Isla del Coco y aguas adyacentes.&nbsp; Esta actividad se realizar\u00e1 del 13 al 15 de febrero del 2018, de 8:00 a.m a las 18:30 p.m, en [&hellip;]","og_url":"https:\/\/www.anc.cr\/en\/i-simposio-internacional-sobre-el-parque-nacional-isla-del-coco-y-aguas-adyacentes\/","og_site_name":"ANC","article_published_time":"2024-07-10T07:22:29+00:00","article_modified_time":"2024-07-10T07:22:30+00:00","og_image":[{"width":382,"height":595,"url":"https:\/\/www.anc.cr\/wp-content\/uploads\/2024\/07\/Simposio-ISLA-DEL-COCO.png","type":"image\/png"}],"author":"jarguedasc","twitter_card":"summary_large_image","twitter_misc":{"Written by":"jarguedasc","Est. reading time":"1 minute"},"schema":{"@context":"https:\/\/schema.org","@graph":[{"@type":"Article","@id":"https:\/\/www.anc.cr\/i-simposio-internacional-sobre-el-parque-nacional-isla-del-coco-y-aguas-adyacentes\/#article","isPartOf":{"@id":"https:\/\/www.anc.cr\/i-simposio-internacional-sobre-el-parque-nacional-isla-del-coco-y-aguas-adyacentes\/"},"author":{"name":"jarguedasc","@id":"https:\/\/www.anc.cr\/#\/schema\/person\/7766bd50e439d728b840c06d98f7b30c"},"headline":"I\u00a0Simposio Internacional sobre el Parque Nacional Isla del Coco y aguas adyacentes","datePublished":"2024-07-10T07:22:29+00:00","dateModified":"2024-07-10T07:22:30+00:00","mainEntityOfPage":{"@id":"https:\/\/www.anc.cr\/i-simposio-internacional-sobre-el-parque-nacional-isla-del-coco-y-aguas-adyacentes\/"},"wordCount":116,"commentCount":0,"publisher":{"@id":"https:\/\/www.anc.cr\/#organization"},"image":{"@id":"https:\/\/www.anc.cr\/i-simposio-internacional-sobre-el-parque-nacional-isla-del-coco-y-aguas-adyacentes\/#primaryimage"},"thumbnailUrl":"https:\/\/www.anc.cr\/wp-content\/uploads\/2024\/07\/Simposio-ISLA-DEL-COCO.png","articleSection":["Noticias"],"inLanguage":"en-US","potentialAction":[{"@type":"CommentAction","name":"Comment","target":["https:\/\/www.anc.cr\/i-simposio-internacional-sobre-el-parque-nacional-isla-del-coco-y-aguas-adyacentes\/#respond"]}]},{"@type":"WebPage","@id":"https:\/\/www.anc.cr\/i-simposio-internacional-sobre-el-parque-nacional-isla-del-coco-y-aguas-adyacentes\/","url":"https:\/\/www.anc.cr\/i-simposio-internacional-sobre-el-parque-nacional-isla-del-coco-y-aguas-adyacentes\/","name":"I\u00a0Simposio Internacional sobre el Parque Nacional Isla del Coco y aguas adyacentes - ANC","isPartOf":{"@id":"https:\/\/www.anc.cr\/#website"},"primaryImageOfPage":{"@id":"https:\/\/www.anc.cr\/i-simposio-internacional-sobre-el-parque-nacional-isla-del-coco-y-aguas-adyacentes\/#primaryimage"},"image":{"@id":"https:\/\/www.anc.cr\/i-simposio-internacional-sobre-el-parque-nacional-isla-del-coco-y-aguas-adyacentes\/#primaryimage"},"thumbnailUrl":"https:\/\/www.anc.cr\/wp-content\/uploads\/2024\/07\/Simposio-ISLA-DEL-COCO.png","datePublished":"2024-07-10T07:22:29+00:00","dateModified":"2024-07-10T07:22:30+00:00","breadcrumb":{"@id":"https:\/\/www.anc.cr\/i-simposio-internacional-sobre-el-parque-nacional-isla-del-coco-y-aguas-adyacentes\/#breadcrumb"},"inLanguage":"en-US","potentialAction":[{"@type":"ReadAction","target":["https:\/\/www.anc.cr\/i-simposio-internacional-sobre-el-parque-nacional-isla-del-coco-y-aguas-adyacentes\/"]}]},{"@type":"ImageObject","inLanguage":"en-US","@id":"https:\/\/www.anc.cr\/i-simposio-internacional-sobre-el-parque-nacional-isla-del-coco-y-aguas-adyacentes\/#primaryimage","url":"https:\/\/www.anc.cr\/wp-content\/uploads\/2024\/07\/Simposio-ISLA-DEL-COCO.png","contentUrl":"https:\/\/www.anc.cr\/wp-content\/uploads\/2024\/07\/Simposio-ISLA-DEL-COCO.png","width":382,"height":595},{"@type":"BreadcrumbList","@id":"https:\/\/www.anc.cr\/i-simposio-internacional-sobre-el-parque-nacional-isla-del-coco-y-aguas-adyacentes\/#breadcrumb","itemListElement":[{"@type":"ListItem","position":1,"name":"Portada","item":"https:\/\/www.anc.cr\/"},{"@type":"ListItem","position":2,"name":"I\u00a0Simposio Internacional sobre el Parque Nacional Isla del Coco y aguas adyacentes"}]},{"@type":"WebSite","@id":"https:\/\/www.anc.cr\/#website","url":"https:\/\/www.anc.cr\/","name":"ANC","description":"Academia Nacional de Ciencias","publisher":{"@id":"https:\/\/www.anc.cr\/#organization"},"potentialAction":[{"@type":"SearchAction","target":{"@type":"EntryPoint","urlTemplate":"https:\/\/www.anc.cr\/?s={search_term_string}"},"query-input":{"@type":"PropertyValueSpecification","valueRequired":true,"valueName":"search_term_string"}}],"inLanguage":"en-US"},{"@type":"Organization","@id":"https:\/\/www.anc.cr\/#organization","name":"ANC","url":"https:\/\/www.anc.cr\/","logo":{"@type":"ImageObject","inLanguage":"en-US","@id":"https:\/\/www.anc.cr\/#\/schema\/logo\/image\/","url":"https:\/\/www.anc.cr\/wp-content\/uploads\/2024\/07\/Logo-ANC-CR.png","contentUrl":"https:\/\/www.anc.cr\/wp-content\/uploads\/2024\/07\/Logo-ANC-CR.png","width":1051,"height":593,"caption":"ANC"},"image":{"@id":"https:\/\/www.anc.cr\/#\/schema\/logo\/image\/"}},{"@type":"Person","@id":"https:\/\/www.anc.cr\/#\/schema\/person\/7766bd50e439d728b840c06d98f7b30c","name":"jarguedasc","image":{"@type":"ImageObject","inLanguage":"en-US","@id":"https:\/\/secure.gravatar.com\/avatar\/a31f956dbf8cf8534efedbd72d1775ec1dda66cb68632d84e544549eca557ce4?s=96&d=mm&r=g","url":"https:\/\/secure.gravatar.com\/avatar\/a31f956dbf8cf8534efedbd72d1775ec1dda66cb68632d84e544549eca557ce4?s=96&d=mm&r=g","contentUrl":"https:\/\/secure.gravatar.com\/avatar\/a31f956dbf8cf8534efedbd72d1775ec1dda66cb68632d84e544549eca557ce4?s=96&d=mm&r=g","caption":"jarguedasc"},"sameAs":["https:\/\/www.anc.cr"],"url":"https:\/\/www.anc.cr\/en\/author\/jarguedasc\/"}]}},"_links":{"self":[{"href":"https:\/\/www.anc.cr\/en\/wp-json\/wp\/v2\/posts\/1110","targetHints":{"allow":["GET"]}}],"collection":[{"href":"https:\/\/www.anc.cr\/en\/wp-json\/wp\/v2\/posts"}],"about":[{"href":"https:\/\/www.anc.cr\/en\/wp-json\/wp\/v2\/types\/post"}],"author":[{"embeddable":true,"href":"https:\/\/www.anc.cr\/en\/wp-json\/wp\/v2\/users\/1"}],"replies":[{"embeddable":true,"href":"https:\/\/www.anc.cr\/en\/wp-json\/wp\/v2\/comments?post=1110"}],"version-history":[{"count":1,"href":"https:\/\/www.anc.cr\/en\/wp-json\/wp\/v2\/posts\/1110\/revisions"}],"predecessor-version":[{"id":1144,"href":"https:\/\/www.anc.cr\/en\/wp-json\/wp\/v2\/posts\/1110\/revisions\/1144"}],"wp:featuredmedia":[{"embeddable":true,"href":"https:\/\/www.anc.cr\/en\/wp-json\/wp\/v2\/media\/1142"}],"wp:attachment":[{"href":"https:\/\/www.anc.cr\/en\/wp-json\/wp\/v2\/media?parent=1110"}],"wp:term":[{"taxonomy":"category","embeddable":true,"href":"https:\/\/www.anc.cr\/en\/wp-json\/wp\/v2\/categories?post=1110"},{"taxonomy":"post_tag","embeddable":true,"href":"https:\/\/www.anc.cr\/en\/wp-json\/wp\/v2\/tags?post=1110"}],"curies":[{"name":"wp","href":"https:\/\/api.w.org\/{rel}","templated":true}]}}