{"id":1103,"date":"2024-07-10T01:28:09","date_gmt":"2024-07-10T07:28:09","guid":{"rendered":"http:\/\/anc.local\/?p=1103"},"modified":"2024-07-10T01:28:17","modified_gmt":"2024-07-10T07:28:17","slug":"diputados-electos-son-invitados-a-participar-del-foro-y-conversatorio-sobre-biotecnologia-por-la-anc-y-rigatrop","status":"publish","type":"post","link":"https:\/\/www.anc.cr\/en\/diputados-electos-son-invitados-a-participar-del-foro-y-conversatorio-sobre-biotecnologia-por-la-anc-y-rigatrop\/","title":{"rendered":"Diputados electos son invitados a participar del foro y conversatorio sobre Biotecnolog\u00eda por la ANC y RIGATrop"},"content":{"rendered":"<p>El pasado lunes 19 de marzo la Academia Nacional de Ciencias y la Red de Ingenier\u00eda Gen\u00e9tica Aplicada al Mejoramiento de Cultivos Tropicales (RIGATrop) realizaron el Foro&nbsp;<strong><em>\u201cBiotecnolog\u00eda y su importancia para Costa Rica\u201d<\/em><\/strong>.&nbsp;&nbsp;El foro fue dirigido a diputadas y diputados electos, sus asesores e invitados especiales, entre ellos acad\u00e9micos de las universidades del estado y representantes de empresas biotecnol\u00f3gicas como CINDE, Instituto Interamericano de Cooperaci\u00f3n para la Agricultura (IICA) y la Universidad de Costa Rica.<\/p>\n\n\n\n<p>Este evento tuvo como objetivo, brindar un espacio para dialogar y otorgarle a los diputados electos, informaci\u00f3n sobre las nuevas biotecnolog\u00edas y sus aplicaciones en nuestro pa\u00eds. Asimismo, para abrir una puerta de asesor\u00eda y de acercamiento con acad\u00e9micos costarricenses, cuando requieran legislar en temas cient\u00edficos como lo es la biotecnolog\u00eda.<\/p>\n\n\n\n<p>El deseo de hacer conocer la realidad del pa\u00eds en materia biotecnol\u00f3gica y el estado de los procesos de regulaci\u00f3n de la biotecnolog\u00eda moderna a nivel internacional para su adecuaci\u00f3n a nivel nacional fue uno de los prop\u00f3sitos para la realizaci\u00f3n de esta actividad.<\/p>\n\n\n\n<p>Se cont\u00f3 con la participaci\u00f3n de grandes cient\u00edficos y expertos en biotecnolog\u00eda entre ellos el Dr. Pedro Le\u00f3n, Presidente de la Academia Nacional de Ciencias, quien imparti\u00f3 la exposici\u00f3n \u201cPerspectivas para Costa Rica\u201d. La m\u00e1ster Luc\u00eda Gross de la Coalici\u00f3n Costarricense de Iniciativas de Desarrollo (CINDE) expuso sobre Biotecnolog\u00eda en Costa Rica.<\/p>\n\n\n\n<p>El tema de regulaci\u00f3n y contexto internacional fue abarcado por el Dr. Pedro Rocha del Instituto Interamericano de Cooperaci\u00f3n para la Agricultura (IICA).<\/p>\n\n\n\n<p>Ejemplos de desarrollos p\u00fablicos en biotecnolog\u00eda que se han llevado a cabo en Costa Rica, como lo es la investigaci\u00f3n para la generaci\u00f3n de arroz tolerante a la sequ\u00eda y la salinidad e investigaciones en salud, fueron expuestos por el Dr. Andr\u00e9s Gatica Arias y la Dra. Lisbeth Ram\u00edrez ambos investigadores de la Universidad de Costa Rica.<\/p>\n\n\n\n<p>\u201cPoder contar con la presencia de los diputados electos en este foro, constituye uno de los objetivos b\u00e1sicos de nuestro quehacer acad\u00e9mico: el poder socializar y compartir nuestros conocimientos con personas tan importantes para nuestro pa\u00eds.\u201d Dra. Marta Valdez, RIGATrop.<\/p>","protected":false},"excerpt":{"rendered":"<p>El pasado lunes 19 de marzo la Academia Nacional de Ciencias y la Red de Ingenier\u00eda Gen\u00e9tica Aplicada al Mejoramiento de Cultivos Tropicales (RIGATrop) realizaron el Foro&nbsp;\u201cBiotecnolog\u00eda y su importancia para Costa Rica\u201d.&nbsp;&nbsp;El foro fue dirigido a diputadas y diputados electos, sus asesores e invitados especiales, entre ellos acad\u00e9micos de las universidades del estado y [&hellip;]<\/p>\n","protected":false},"author":1,"featured_media":1161,"comment_status":"open","ping_status":"open","sticky":false,"template":"","format":"standard","meta":{"footnotes":""},"categories":[7],"tags":[],"class_list":["post-1103","post","type-post","status-publish","format-standard","has-post-thumbnail","hentry","category-noticias"],"yoast_head":"<!-- This site is optimized with the Yoast SEO plugin v27.3 - https:\/\/yoast.com\/product\/yoast-seo-wordpress\/ -->\n<title>Diputados electos son invitados a participar del foro y conversatorio sobre Biotecnolog\u00eda por la ANC y RIGATrop - ANC<\/title>\n<meta name=\"robots\" content=\"index, follow, max-snippet:-1, max-image-preview:large, max-video-preview:-1\" \/>\n<link rel=\"canonical\" href=\"https:\/\/www.anc.cr\/en\/diputados-electos-son-invitados-a-participar-del-foro-y-conversatorio-sobre-biotecnologia-por-la-anc-y-rigatrop\/\" \/>\n<meta property=\"og:locale\" content=\"en_US\" \/>\n<meta property=\"og:type\" content=\"article\" \/>\n<meta property=\"og:title\" content=\"Diputados electos son invitados a participar del foro y conversatorio sobre Biotecnolog\u00eda por la ANC y RIGATrop - ANC\" \/>\n<meta property=\"og:description\" content=\"El pasado lunes 19 de marzo la Academia Nacional de Ciencias y la Red de Ingenier\u00eda Gen\u00e9tica Aplicada al Mejoramiento de Cultivos Tropicales (RIGATrop) realizaron el Foro&nbsp;\u201cBiotecnolog\u00eda y su importancia para Costa Rica\u201d.&nbsp;&nbsp;El foro fue dirigido a diputadas y diputados electos, sus asesores e invitados especiales, entre ellos acad\u00e9micos de las universidades del estado y [&hellip;]\" \/>\n<meta property=\"og:url\" content=\"https:\/\/www.anc.cr\/en\/diputados-electos-son-invitados-a-participar-del-foro-y-conversatorio-sobre-biotecnologia-por-la-anc-y-rigatrop\/\" \/>\n<meta property=\"og:site_name\" content=\"ANC\" \/>\n<meta property=\"article:published_time\" content=\"2024-07-10T07:28:09+00:00\" \/>\n<meta property=\"article:modified_time\" content=\"2024-07-10T07:28:17+00:00\" \/>\n<meta property=\"og:image\" content=\"https:\/\/www.anc.cr\/wp-content\/uploads\/2024\/07\/CV.jpeg\" \/>\n\t<meta property=\"og:image:width\" content=\"1280\" \/>\n\t<meta property=\"og:image:height\" content=\"720\" \/>\n\t<meta property=\"og:image:type\" content=\"image\/jpeg\" \/>\n<meta name=\"author\" content=\"jarguedasc\" \/>\n<meta name=\"twitter:card\" content=\"summary_large_image\" \/>\n<meta name=\"twitter:label1\" content=\"Written by\" \/>\n\t<meta name=\"twitter:data1\" content=\"jarguedasc\" \/>\n\t<meta name=\"twitter:label2\" content=\"Est. reading time\" \/>\n\t<meta name=\"twitter:data2\" content=\"2 minutes\" \/>\n<script type=\"application\/ld+json\" class=\"yoast-schema-graph\">{\"@context\":\"https:\\\/\\\/schema.org\",\"@graph\":[{\"@type\":\"Article\",\"@id\":\"https:\\\/\\\/www.anc.cr\\\/diputados-electos-son-invitados-a-participar-del-foro-y-conversatorio-sobre-biotecnologia-por-la-anc-y-rigatrop\\\/#article\",\"isPartOf\":{\"@id\":\"https:\\\/\\\/www.anc.cr\\\/diputados-electos-son-invitados-a-participar-del-foro-y-conversatorio-sobre-biotecnologia-por-la-anc-y-rigatrop\\\/\"},\"author\":{\"name\":\"jarguedasc\",\"@id\":\"https:\\\/\\\/www.anc.cr\\\/#\\\/schema\\\/person\\\/7766bd50e439d728b840c06d98f7b30c\"},\"headline\":\"Diputados electos son invitados a participar del foro y conversatorio sobre Biotecnolog\u00eda por la ANC y RIGATrop\",\"datePublished\":\"2024-07-10T07:28:09+00:00\",\"dateModified\":\"2024-07-10T07:28:17+00:00\",\"mainEntityOfPage\":{\"@id\":\"https:\\\/\\\/www.anc.cr\\\/diputados-electos-son-invitados-a-participar-del-foro-y-conversatorio-sobre-biotecnologia-por-la-anc-y-rigatrop\\\/\"},\"wordCount\":405,\"commentCount\":0,\"publisher\":{\"@id\":\"https:\\\/\\\/www.anc.cr\\\/#organization\"},\"image\":{\"@id\":\"https:\\\/\\\/www.anc.cr\\\/diputados-electos-son-invitados-a-participar-del-foro-y-conversatorio-sobre-biotecnologia-por-la-anc-y-rigatrop\\\/#primaryimage\"},\"thumbnailUrl\":\"https:\\\/\\\/www.anc.cr\\\/wp-content\\\/uploads\\\/2024\\\/07\\\/CV.jpeg\",\"articleSection\":[\"Noticias\"],\"inLanguage\":\"en-US\",\"potentialAction\":[{\"@type\":\"CommentAction\",\"name\":\"Comment\",\"target\":[\"https:\\\/\\\/www.anc.cr\\\/diputados-electos-son-invitados-a-participar-del-foro-y-conversatorio-sobre-biotecnologia-por-la-anc-y-rigatrop\\\/#respond\"]}]},{\"@type\":\"WebPage\",\"@id\":\"https:\\\/\\\/www.anc.cr\\\/diputados-electos-son-invitados-a-participar-del-foro-y-conversatorio-sobre-biotecnologia-por-la-anc-y-rigatrop\\\/\",\"url\":\"https:\\\/\\\/www.anc.cr\\\/diputados-electos-son-invitados-a-participar-del-foro-y-conversatorio-sobre-biotecnologia-por-la-anc-y-rigatrop\\\/\",\"name\":\"Diputados electos son invitados a participar del foro y conversatorio sobre Biotecnolog\u00eda por la ANC y RIGATrop - ANC\",\"isPartOf\":{\"@id\":\"https:\\\/\\\/www.anc.cr\\\/#website\"},\"primaryImageOfPage\":{\"@id\":\"https:\\\/\\\/www.anc.cr\\\/diputados-electos-son-invitados-a-participar-del-foro-y-conversatorio-sobre-biotecnologia-por-la-anc-y-rigatrop\\\/#primaryimage\"},\"image\":{\"@id\":\"https:\\\/\\\/www.anc.cr\\\/diputados-electos-son-invitados-a-participar-del-foro-y-conversatorio-sobre-biotecnologia-por-la-anc-y-rigatrop\\\/#primaryimage\"},\"thumbnailUrl\":\"https:\\\/\\\/www.anc.cr\\\/wp-content\\\/uploads\\\/2024\\\/07\\\/CV.jpeg\",\"datePublished\":\"2024-07-10T07:28:09+00:00\",\"dateModified\":\"2024-07-10T07:28:17+00:00\",\"breadcrumb\":{\"@id\":\"https:\\\/\\\/www.anc.cr\\\/diputados-electos-son-invitados-a-participar-del-foro-y-conversatorio-sobre-biotecnologia-por-la-anc-y-rigatrop\\\/#breadcrumb\"},\"inLanguage\":\"en-US\",\"potentialAction\":[{\"@type\":\"ReadAction\",\"target\":[\"https:\\\/\\\/www.anc.cr\\\/diputados-electos-son-invitados-a-participar-del-foro-y-conversatorio-sobre-biotecnologia-por-la-anc-y-rigatrop\\\/\"]}]},{\"@type\":\"ImageObject\",\"inLanguage\":\"en-US\",\"@id\":\"https:\\\/\\\/www.anc.cr\\\/diputados-electos-son-invitados-a-participar-del-foro-y-conversatorio-sobre-biotecnologia-por-la-anc-y-rigatrop\\\/#primaryimage\",\"url\":\"https:\\\/\\\/www.anc.cr\\\/wp-content\\\/uploads\\\/2024\\\/07\\\/CV.jpeg\",\"contentUrl\":\"https:\\\/\\\/www.anc.cr\\\/wp-content\\\/uploads\\\/2024\\\/07\\\/CV.jpeg\",\"width\":1280,\"height\":720},{\"@type\":\"BreadcrumbList\",\"@id\":\"https:\\\/\\\/www.anc.cr\\\/diputados-electos-son-invitados-a-participar-del-foro-y-conversatorio-sobre-biotecnologia-por-la-anc-y-rigatrop\\\/#breadcrumb\",\"itemListElement\":[{\"@type\":\"ListItem\",\"position\":1,\"name\":\"Portada\",\"item\":\"https:\\\/\\\/www.anc.cr\\\/\"},{\"@type\":\"ListItem\",\"position\":2,\"name\":\"Diputados electos son invitados a participar del foro y conversatorio sobre Biotecnolog\u00eda por la ANC y RIGATrop\"}]},{\"@type\":\"WebSite\",\"@id\":\"https:\\\/\\\/www.anc.cr\\\/#website\",\"url\":\"https:\\\/\\\/www.anc.cr\\\/\",\"name\":\"ANC\",\"description\":\"Academia Nacional de Ciencias\",\"publisher\":{\"@id\":\"https:\\\/\\\/www.anc.cr\\\/#organization\"},\"potentialAction\":[{\"@type\":\"SearchAction\",\"target\":{\"@type\":\"EntryPoint\",\"urlTemplate\":\"https:\\\/\\\/www.anc.cr\\\/?s={search_term_string}\"},\"query-input\":{\"@type\":\"PropertyValueSpecification\",\"valueRequired\":true,\"valueName\":\"search_term_string\"}}],\"inLanguage\":\"en-US\"},{\"@type\":\"Organization\",\"@id\":\"https:\\\/\\\/www.anc.cr\\\/#organization\",\"name\":\"ANC\",\"url\":\"https:\\\/\\\/www.anc.cr\\\/\",\"logo\":{\"@type\":\"ImageObject\",\"inLanguage\":\"en-US\",\"@id\":\"https:\\\/\\\/www.anc.cr\\\/#\\\/schema\\\/logo\\\/image\\\/\",\"url\":\"https:\\\/\\\/www.anc.cr\\\/wp-content\\\/uploads\\\/2024\\\/07\\\/Logo-ANC-CR.png\",\"contentUrl\":\"https:\\\/\\\/www.anc.cr\\\/wp-content\\\/uploads\\\/2024\\\/07\\\/Logo-ANC-CR.png\",\"width\":1051,\"height\":593,\"caption\":\"ANC\"},\"image\":{\"@id\":\"https:\\\/\\\/www.anc.cr\\\/#\\\/schema\\\/logo\\\/image\\\/\"}},{\"@type\":\"Person\",\"@id\":\"https:\\\/\\\/www.anc.cr\\\/#\\\/schema\\\/person\\\/7766bd50e439d728b840c06d98f7b30c\",\"name\":\"jarguedasc\",\"image\":{\"@type\":\"ImageObject\",\"inLanguage\":\"en-US\",\"@id\":\"https:\\\/\\\/secure.gravatar.com\\\/avatar\\\/a31f956dbf8cf8534efedbd72d1775ec1dda66cb68632d84e544549eca557ce4?s=96&d=mm&r=g\",\"url\":\"https:\\\/\\\/secure.gravatar.com\\\/avatar\\\/a31f956dbf8cf8534efedbd72d1775ec1dda66cb68632d84e544549eca557ce4?s=96&d=mm&r=g\",\"contentUrl\":\"https:\\\/\\\/secure.gravatar.com\\\/avatar\\\/a31f956dbf8cf8534efedbd72d1775ec1dda66cb68632d84e544549eca557ce4?s=96&d=mm&r=g\",\"caption\":\"jarguedasc\"},\"sameAs\":[\"https:\\\/\\\/www.anc.cr\"],\"url\":\"https:\\\/\\\/www.anc.cr\\\/en\\\/author\\\/jarguedasc\\\/\"}]}<\/script>\n<!-- \/ Yoast SEO plugin. -->","yoast_head_json":{"title":"Diputados electos son invitados a participar del foro y conversatorio sobre Biotecnolog\u00eda por la ANC y RIGATrop - ANC","robots":{"index":"index","follow":"follow","max-snippet":"max-snippet:-1","max-image-preview":"max-image-preview:large","max-video-preview":"max-video-preview:-1"},"canonical":"https:\/\/www.anc.cr\/en\/diputados-electos-son-invitados-a-participar-del-foro-y-conversatorio-sobre-biotecnologia-por-la-anc-y-rigatrop\/","og_locale":"en_US","og_type":"article","og_title":"Diputados electos son invitados a participar del foro y conversatorio sobre Biotecnolog\u00eda por la ANC y RIGATrop - ANC","og_description":"El pasado lunes 19 de marzo la Academia Nacional de Ciencias y la Red de Ingenier\u00eda Gen\u00e9tica Aplicada al Mejoramiento de Cultivos Tropicales (RIGATrop) realizaron el Foro&nbsp;\u201cBiotecnolog\u00eda y su importancia para Costa Rica\u201d.&nbsp;&nbsp;El foro fue dirigido a diputadas y diputados electos, sus asesores e invitados especiales, entre ellos acad\u00e9micos de las universidades del estado y [&hellip;]","og_url":"https:\/\/www.anc.cr\/en\/diputados-electos-son-invitados-a-participar-del-foro-y-conversatorio-sobre-biotecnologia-por-la-anc-y-rigatrop\/","og_site_name":"ANC","article_published_time":"2024-07-10T07:28:09+00:00","article_modified_time":"2024-07-10T07:28:17+00:00","og_image":[{"width":1280,"height":720,"url":"https:\/\/www.anc.cr\/wp-content\/uploads\/2024\/07\/CV.jpeg","type":"image\/jpeg"}],"author":"jarguedasc","twitter_card":"summary_large_image","twitter_misc":{"Written by":"jarguedasc","Est. reading time":"2 minutes"},"schema":{"@context":"https:\/\/schema.org","@graph":[{"@type":"Article","@id":"https:\/\/www.anc.cr\/diputados-electos-son-invitados-a-participar-del-foro-y-conversatorio-sobre-biotecnologia-por-la-anc-y-rigatrop\/#article","isPartOf":{"@id":"https:\/\/www.anc.cr\/diputados-electos-son-invitados-a-participar-del-foro-y-conversatorio-sobre-biotecnologia-por-la-anc-y-rigatrop\/"},"author":{"name":"jarguedasc","@id":"https:\/\/www.anc.cr\/#\/schema\/person\/7766bd50e439d728b840c06d98f7b30c"},"headline":"Diputados electos son invitados a participar del foro y conversatorio sobre Biotecnolog\u00eda por la ANC y RIGATrop","datePublished":"2024-07-10T07:28:09+00:00","dateModified":"2024-07-10T07:28:17+00:00","mainEntityOfPage":{"@id":"https:\/\/www.anc.cr\/diputados-electos-son-invitados-a-participar-del-foro-y-conversatorio-sobre-biotecnologia-por-la-anc-y-rigatrop\/"},"wordCount":405,"commentCount":0,"publisher":{"@id":"https:\/\/www.anc.cr\/#organization"},"image":{"@id":"https:\/\/www.anc.cr\/diputados-electos-son-invitados-a-participar-del-foro-y-conversatorio-sobre-biotecnologia-por-la-anc-y-rigatrop\/#primaryimage"},"thumbnailUrl":"https:\/\/www.anc.cr\/wp-content\/uploads\/2024\/07\/CV.jpeg","articleSection":["Noticias"],"inLanguage":"en-US","potentialAction":[{"@type":"CommentAction","name":"Comment","target":["https:\/\/www.anc.cr\/diputados-electos-son-invitados-a-participar-del-foro-y-conversatorio-sobre-biotecnologia-por-la-anc-y-rigatrop\/#respond"]}]},{"@type":"WebPage","@id":"https:\/\/www.anc.cr\/diputados-electos-son-invitados-a-participar-del-foro-y-conversatorio-sobre-biotecnologia-por-la-anc-y-rigatrop\/","url":"https:\/\/www.anc.cr\/diputados-electos-son-invitados-a-participar-del-foro-y-conversatorio-sobre-biotecnologia-por-la-anc-y-rigatrop\/","name":"Diputados electos son invitados a participar del foro y conversatorio sobre Biotecnolog\u00eda por la ANC y RIGATrop - ANC","isPartOf":{"@id":"https:\/\/www.anc.cr\/#website"},"primaryImageOfPage":{"@id":"https:\/\/www.anc.cr\/diputados-electos-son-invitados-a-participar-del-foro-y-conversatorio-sobre-biotecnologia-por-la-anc-y-rigatrop\/#primaryimage"},"image":{"@id":"https:\/\/www.anc.cr\/diputados-electos-son-invitados-a-participar-del-foro-y-conversatorio-sobre-biotecnologia-por-la-anc-y-rigatrop\/#primaryimage"},"thumbnailUrl":"https:\/\/www.anc.cr\/wp-content\/uploads\/2024\/07\/CV.jpeg","datePublished":"2024-07-10T07:28:09+00:00","dateModified":"2024-07-10T07:28:17+00:00","breadcrumb":{"@id":"https:\/\/www.anc.cr\/diputados-electos-son-invitados-a-participar-del-foro-y-conversatorio-sobre-biotecnologia-por-la-anc-y-rigatrop\/#breadcrumb"},"inLanguage":"en-US","potentialAction":[{"@type":"ReadAction","target":["https:\/\/www.anc.cr\/diputados-electos-son-invitados-a-participar-del-foro-y-conversatorio-sobre-biotecnologia-por-la-anc-y-rigatrop\/"]}]},{"@type":"ImageObject","inLanguage":"en-US","@id":"https:\/\/www.anc.cr\/diputados-electos-son-invitados-a-participar-del-foro-y-conversatorio-sobre-biotecnologia-por-la-anc-y-rigatrop\/#primaryimage","url":"https:\/\/www.anc.cr\/wp-content\/uploads\/2024\/07\/CV.jpeg","contentUrl":"https:\/\/www.anc.cr\/wp-content\/uploads\/2024\/07\/CV.jpeg","width":1280,"height":720},{"@type":"BreadcrumbList","@id":"https:\/\/www.anc.cr\/diputados-electos-son-invitados-a-participar-del-foro-y-conversatorio-sobre-biotecnologia-por-la-anc-y-rigatrop\/#breadcrumb","itemListElement":[{"@type":"ListItem","position":1,"name":"Portada","item":"https:\/\/www.anc.cr\/"},{"@type":"ListItem","position":2,"name":"Diputados electos son invitados a participar del foro y conversatorio sobre Biotecnolog\u00eda por la ANC y RIGATrop"}]},{"@type":"WebSite","@id":"https:\/\/www.anc.cr\/#website","url":"https:\/\/www.anc.cr\/","name":"ANC","description":"Academia Nacional de Ciencias","publisher":{"@id":"https:\/\/www.anc.cr\/#organization"},"potentialAction":[{"@type":"SearchAction","target":{"@type":"EntryPoint","urlTemplate":"https:\/\/www.anc.cr\/?s={search_term_string}"},"query-input":{"@type":"PropertyValueSpecification","valueRequired":true,"valueName":"search_term_string"}}],"inLanguage":"en-US"},{"@type":"Organization","@id":"https:\/\/www.anc.cr\/#organization","name":"ANC","url":"https:\/\/www.anc.cr\/","logo":{"@type":"ImageObject","inLanguage":"en-US","@id":"https:\/\/www.anc.cr\/#\/schema\/logo\/image\/","url":"https:\/\/www.anc.cr\/wp-content\/uploads\/2024\/07\/Logo-ANC-CR.png","contentUrl":"https:\/\/www.anc.cr\/wp-content\/uploads\/2024\/07\/Logo-ANC-CR.png","width":1051,"height":593,"caption":"ANC"},"image":{"@id":"https:\/\/www.anc.cr\/#\/schema\/logo\/image\/"}},{"@type":"Person","@id":"https:\/\/www.anc.cr\/#\/schema\/person\/7766bd50e439d728b840c06d98f7b30c","name":"jarguedasc","image":{"@type":"ImageObject","inLanguage":"en-US","@id":"https:\/\/secure.gravatar.com\/avatar\/a31f956dbf8cf8534efedbd72d1775ec1dda66cb68632d84e544549eca557ce4?s=96&d=mm&r=g","url":"https:\/\/secure.gravatar.com\/avatar\/a31f956dbf8cf8534efedbd72d1775ec1dda66cb68632d84e544549eca557ce4?s=96&d=mm&r=g","contentUrl":"https:\/\/secure.gravatar.com\/avatar\/a31f956dbf8cf8534efedbd72d1775ec1dda66cb68632d84e544549eca557ce4?s=96&d=mm&r=g","caption":"jarguedasc"},"sameAs":["https:\/\/www.anc.cr"],"url":"https:\/\/www.anc.cr\/en\/author\/jarguedasc\/"}]}},"_links":{"self":[{"href":"https:\/\/www.anc.cr\/en\/wp-json\/wp\/v2\/posts\/1103","targetHints":{"allow":["GET"]}}],"collection":[{"href":"https:\/\/www.anc.cr\/en\/wp-json\/wp\/v2\/posts"}],"about":[{"href":"https:\/\/www.anc.cr\/en\/wp-json\/wp\/v2\/types\/post"}],"author":[{"embeddable":true,"href":"https:\/\/www.anc.cr\/en\/wp-json\/wp\/v2\/users\/1"}],"replies":[{"embeddable":true,"href":"https:\/\/www.anc.cr\/en\/wp-json\/wp\/v2\/comments?post=1103"}],"version-history":[{"count":1,"href":"https:\/\/www.anc.cr\/en\/wp-json\/wp\/v2\/posts\/1103\/revisions"}],"predecessor-version":[{"id":1164,"href":"https:\/\/www.anc.cr\/en\/wp-json\/wp\/v2\/posts\/1103\/revisions\/1164"}],"wp:featuredmedia":[{"embeddable":true,"href":"https:\/\/www.anc.cr\/en\/wp-json\/wp\/v2\/media\/1161"}],"wp:attachment":[{"href":"https:\/\/www.anc.cr\/en\/wp-json\/wp\/v2\/media?parent=1103"}],"wp:term":[{"taxonomy":"category","embeddable":true,"href":"https:\/\/www.anc.cr\/en\/wp-json\/wp\/v2\/categories?post=1103"},{"taxonomy":"post_tag","embeddable":true,"href":"https:\/\/www.anc.cr\/en\/wp-json\/wp\/v2\/tags?post=1103"}],"curies":[{"name":"wp","href":"https:\/\/api.w.org\/{rel}","templated":true}]}}